{"id":72514,"date":"2020-11-28T15:06:30","date_gmt":"2020-11-28T14:06:30","guid":{"rendered":"http:\/\/2horizontes.com\/?p=72514"},"modified":"2020-11-28T15:06:32","modified_gmt":"2020-11-28T14:06:32","slug":"gobierno-argentino-denuncia-a-las-autoridades-de-buenos-aires-por-la-represion-policial-durante-el-velorio-de-maradona","status":"publish","type":"post","link":"https:\/\/2horizontes.com\/?p=72514","title":{"rendered":"Gobierno argentino denuncia a las autoridades de Buenos Aires por la represi\u00f3n policial durante el velorio de Maradona"},"content":{"rendered":"\n<p>La Secretar\u00eda de Derechos Humanos de&nbsp;Argentina present\u00f3 este viernes una denuncia penal contra el Jefe de Gobierno de la Ciudad de Buenos Aires, Horacio Rodr\u00edguez Larreta, y el vicejefe&nbsp;Diego Santilli, por la represi\u00f3n policial ejercida en la ciudad durante el velorio de Diego Armando Maradona.<\/p>\n\n\n\n<p>La denuncia los se\u00f1ala por&nbsp;los presuntos delitos de \u00ab<strong>intimidaci\u00f3n p\u00fablica, abuso de autoridad y abandono de persona<\/strong>\u00ab, contemplados en los art\u00edculos 211, 248 y 106 del C\u00f3digo Penal argentino.<\/p>\n\n\n\n<figure><iframe allowfullscreen=\"true\" class=\"\" src=\"https:\/\/platform.twitter.com\/embed\/index.html?dnt=false&amp;embedId=twitter-widget-0&amp;frame=false&amp;hideCard=false&amp;hideThread=false&amp;id=1332408956627660800&amp;lang=es&amp;origin=https%3A%2F%2Factualidad.rt.com%2Factualidad%2F375074-gobierno-argentino-denuncio-larreta-santilli&amp;siteScreenName=ActualidadRT&amp;theme=light&amp;widgetsVersion=ed20a2b%3A1601588405575&amp;width=550px\"><\/iframe><\/figure>\n\n\n\n<p>Seg\u00fan&nbsp;la Secretaria, la desproporcionada&nbsp;actuaci\u00f3n policial no fue un desv\u00edo individual de algunos efectivos&nbsp;sino que, por el contrario, respondi\u00f3 a ordenes claras.&nbsp;<\/p>\n\n\n\n<p>\u00abLa sistematicidad en el accionar y la violencia cometida por todos ellos da cuenta de\u00a0<strong>una orden superior que dispuso la represi\u00f3n<\/strong>\u00a0de esa forma: con balas de goma, gases, camiones hidrantes y detenciones arbitrarias\u00bb,\u00a0<a rel=\"noreferrer noopener\" href=\"https:\/\/www.argentina.gob.ar\/noticias\/denuncia-contra-las-autoridades-del-gobierno-de-la-ciudad\" target=\"_blank\">se\u00f1ala<\/a>\u00a0el texto.<\/p>\n\n\n\n<p>No obstante, la denuncia&nbsp;asegura que el Gobierno del presidente Alberto Fern\u00e1ndez no dio la orden de reprimir ni detener&nbsp;a nadie, por lo que responsabiliza directamente a las fuerzas policiales de Buenos Aires&nbsp;de los presuntos abusos policiales.<\/p>\n\n\n\n<p>Los restos mortales de Maradona, quien falleci\u00f3 el 25 de noviembre a sus 60 a\u00f1os, fueron enterrados en el cementerio de Bella Vista. Anteriormente, miles de personas acudieron a la Casa Rosada para darle el \u00faltimo adi\u00f3s a su \u00eddolo, un velorio que acab\u00f3 en un caos cuando la Polic\u00eda intent\u00f3 dispersar a los fan\u00e1ticos.<\/p>\n\n\n\n<p>En total,\u00a0<strong>11 personas fueron detenidas<\/strong>\u00a0por presunta \u00abresistencia a la autoridad\u00bb,\u00a0de las cuales nueve ya\u00a0est\u00e1n en libertad.<\/p>\n\n\n\n<p>Fuente. RT. <\/p>\n","protected":false},"excerpt":{"rendered":"<p>La Secretar\u00eda de Derechos Humanos de&nbsp;Argentina present\u00f3 este viernes una denuncia penal contra el Jefe de Gobierno de la Ciudad de Buenos Aires, Horacio Rodr\u00edguez Larreta, y el vicejefe&nbsp;Diego Santilli, por la represi\u00f3n policial ejercida en la ciudad durante el velorio de Diego Armando Maradona. La denuncia los se\u00f1ala por&nbsp;los presuntos delitos de \u00abintimidaci\u00f3n p\u00fablica, [&hellip;]<\/p>\n","protected":false},"author":44079,"featured_media":72515,"comment_status":"open","ping_status":"open","sticky":false,"template":"","format":"standard","meta":{"footnotes":""},"categories":[42,40],"tags":[],"class_list":["post-72514","post","type-post","status-publish","format-standard","has-post-thumbnail","hentry","category-deportes","category-internacionales"],"_links":{"self":[{"href":"https:\/\/2horizontes.com\/index.php?rest_route=\/wp\/v2\/posts\/72514","targetHints":{"allow":["GET"]}}],"collection":[{"href":"https:\/\/2horizontes.com\/index.php?rest_route=\/wp\/v2\/posts"}],"about":[{"href":"https:\/\/2horizontes.com\/index.php?rest_route=\/wp\/v2\/types\/post"}],"author":[{"embeddable":true,"href":"https:\/\/2horizontes.com\/index.php?rest_route=\/wp\/v2\/users\/44079"}],"replies":[{"embeddable":true,"href":"https:\/\/2horizontes.com\/index.php?rest_route=%2Fwp%2Fv2%2Fcomments&post=72514"}],"version-history":[{"count":1,"href":"https:\/\/2horizontes.com\/index.php?rest_route=\/wp\/v2\/posts\/72514\/revisions"}],"predecessor-version":[{"id":72516,"href":"https:\/\/2horizontes.com\/index.php?rest_route=\/wp\/v2\/posts\/72514\/revisions\/72516"}],"wp:featuredmedia":[{"embeddable":true,"href":"https:\/\/2horizontes.com\/index.php?rest_route=\/wp\/v2\/media\/72515"}],"wp:attachment":[{"href":"https:\/\/2horizontes.com\/index.php?rest_route=%2Fwp%2Fv2%2Fmedia&parent=72514"}],"wp:term":[{"taxonomy":"category","embeddable":true,"href":"https:\/\/2horizontes.com\/index.php?rest_route=%2Fwp%2Fv2%2Fcategories&post=72514"},{"taxonomy":"post_tag","embeddable":true,"href":"https:\/\/2horizontes.com\/index.php?rest_route=%2Fwp%2Fv2%2Ftags&post=72514"}],"curies":[{"name":"wp","href":"https:\/\/api.w.org\/{rel}","templated":true}]}}