{"id":72508,"date":"2020-11-28T14:49:30","date_gmt":"2020-11-28T13:49:30","guid":{"rendered":"http:\/\/2horizontes.com\/?p=72508"},"modified":"2020-11-28T14:49:33","modified_gmt":"2020-11-28T13:49:33","slug":"cientifico-aleman-propone-una-nueva-version-sobre-el-origen-del-covid-19","status":"publish","type":"post","link":"https:\/\/2horizontes.com\/?p=72508","title":{"rendered":"Cient\u00edfico alem\u00e1n propone una nueva versi\u00f3n sobre el origen del covid-19"},"content":{"rendered":"\n<p>El bioqu\u00edmico alem\u00e1n Alexander Kekul\u00e9 ha reiterado este jueves su opini\u00f3n de que el nuevo coronavirus que actualmente afecta a tantos pa\u00edses es \u00abuna variante que en realidad solo apareci\u00f3 en el norte de Italia\u00bb.<\/p>\n\n\n\n<p>As\u00ed lo ha declarado en el programa de entrevistas &#8216;Markus Lanz&#8217; del canal\u00a0<a rel=\"noreferrer noopener\" href=\"https:\/\/www.zdf.de\/gesellschaft\/markus-lanz\/markus-lanz-vom-26-november-2020-100.html\" target=\"_blank\">ZDF<\/a>, cuando le pidieron que aclarara sus palabras de que el virus que est\u00e1 en auge en todo el mundo \u00abno es el virus de Wuhan\u00bb, sino que \u00abes el virus del norte de Italia\u00bb, tal como lo\u00a0escribi\u00f3 en su libro sobre el covid-19 y la actual pandemia, reci\u00e9ntemente publicado en noviembre.<\/p>\n\n\n\n<p>Kekul\u00e9 afirm\u00f3 que hoy en d\u00eda el 99,5 % de todos los casos del covid-19 se pueden rastrear gen\u00e9ticamente hasta el virus del norte de Italia, e incluso que los casos actuales en China son importados desde Europa y el resto del mundo.<\/p>\n\n\n\n<p>Sin embargo, cuando le preguntaron si los chinos tienen raz\u00f3n cuando dicen que los europeos son culpables de la pandemia mundial, respondi\u00f3 que no, porque \u00abel virus se habr\u00eda extendido por todo el mundo a\u00fan as\u00ed\u00bb, con la \u00fanica diferencia de que en Wuhan no sab\u00edan que hacer, mientras que durante el brote en el norte de Italia el mundo ya contaba con las primeras advertencias desde China.<\/p>\n\n\n\n<p>Fuente: RT.<\/p>\n","protected":false},"excerpt":{"rendered":"<p>El bioqu\u00edmico alem\u00e1n Alexander Kekul\u00e9 ha reiterado este jueves su opini\u00f3n de que el nuevo coronavirus que actualmente afecta a tantos pa\u00edses es \u00abuna variante que en realidad solo apareci\u00f3 en el norte de Italia\u00bb. As\u00ed lo ha declarado en el programa de entrevistas &#8216;Markus Lanz&#8217; del canal\u00a0ZDF, cuando le pidieron que aclarara sus palabras [&hellip;]<\/p>\n","protected":false},"author":44079,"featured_media":72509,"comment_status":"open","ping_status":"open","sticky":false,"template":"","format":"standard","meta":{"footnotes":""},"categories":[40,45],"tags":[],"class_list":["post-72508","post","type-post","status-publish","format-standard","has-post-thumbnail","hentry","category-internacionales","category-salud"],"_links":{"self":[{"href":"https:\/\/2horizontes.com\/index.php?rest_route=\/wp\/v2\/posts\/72508","targetHints":{"allow":["GET"]}}],"collection":[{"href":"https:\/\/2horizontes.com\/index.php?rest_route=\/wp\/v2\/posts"}],"about":[{"href":"https:\/\/2horizontes.com\/index.php?rest_route=\/wp\/v2\/types\/post"}],"author":[{"embeddable":true,"href":"https:\/\/2horizontes.com\/index.php?rest_route=\/wp\/v2\/users\/44079"}],"replies":[{"embeddable":true,"href":"https:\/\/2horizontes.com\/index.php?rest_route=%2Fwp%2Fv2%2Fcomments&post=72508"}],"version-history":[{"count":1,"href":"https:\/\/2horizontes.com\/index.php?rest_route=\/wp\/v2\/posts\/72508\/revisions"}],"predecessor-version":[{"id":72510,"href":"https:\/\/2horizontes.com\/index.php?rest_route=\/wp\/v2\/posts\/72508\/revisions\/72510"}],"wp:featuredmedia":[{"embeddable":true,"href":"https:\/\/2horizontes.com\/index.php?rest_route=\/wp\/v2\/media\/72509"}],"wp:attachment":[{"href":"https:\/\/2horizontes.com\/index.php?rest_route=%2Fwp%2Fv2%2Fmedia&parent=72508"}],"wp:term":[{"taxonomy":"category","embeddable":true,"href":"https:\/\/2horizontes.com\/index.php?rest_route=%2Fwp%2Fv2%2Fcategories&post=72508"},{"taxonomy":"post_tag","embeddable":true,"href":"https:\/\/2horizontes.com\/index.php?rest_route=%2Fwp%2Fv2%2Ftags&post=72508"}],"curies":[{"name":"wp","href":"https:\/\/api.w.org\/{rel}","templated":true}]}}