{"id":72496,"date":"2020-11-26T11:58:42","date_gmt":"2020-11-26T10:58:42","guid":{"rendered":"http:\/\/2horizontes.com\/?p=72496"},"modified":"2020-11-26T11:58:47","modified_gmt":"2020-11-26T10:58:47","slug":"estado-de-emergencia-seguira-en-navidad","status":"publish","type":"post","link":"https:\/\/2horizontes.com\/?p=72496","title":{"rendered":"Estado de emergencia seguir\u00e1 en Navidad"},"content":{"rendered":"\n<p><strong>SANTO DOMINGO.-<\/strong>El estado de emergencia fue extendido ayer por elSenado y la C\u00e1mara de diputados por 45 d\u00edas, los cuales iniciar\u00e1n el mi\u00e9rcoles 2 de diciembre y concluir\u00e1n el 15 de enero.<\/p>\n\n\n\n<p>La excepci\u00f3n permitir\u00e1 al Poder Ejecutivo aplicar medidas restrictivas durante el per\u00edodo navide\u00f1o en el cual se incrementa la llegada de dominicanos del exterior, las compras y las actividades sociales propias de la \u00e9poca.<\/p>\n\n\n\n<p>El presidente Luis Abinader, en una misiva a los legisladores, explica que \u201cgracias a las medidas de distanciamiento f\u00edsico adoptadas durante el estado de emergencia se ha logrado ejercer control sobre la enfermedad, por lo cual, si bien es importante procurar una relativa apertura econ\u00f3mica, es necesario mantener el toque de queda y otras de las medidas, sobre todo en este momento en que se acercan los feriados de Navidad y A\u00f1o Nuevo\u201d.<\/p>\n\n\n\n<p>Se\u00f1ala que ha quedado reflejada una tendencia al alza en contagios con posterioridad a d\u00edas de fiesta o fines de semana largos, como ocurri\u00f3 recientemente en las semanas del 27 de septiembre al 3 de octubre.<\/p>\n\n\n\n<p>Covid-19 experimenta rebrote a nivel mundial<br>Peligro. Entre las justificaciones realizadas por el presidente Luis Abinader a la solicitud est\u00e1 el rebrotre de la enfermedad a nivel mundial.&#8211; publicidad &#8212;&nbsp;<ins><\/ins><\/p>\n\n\n\n<p>\u201cEstamos pasando por un punto cr\u00edtico en la lucha contra la Covid-19 cuando a nivel mundial, sobre todo en Europa, han tenido que tomar medidas dr\u00e1sticas de confinamiento tras el considerable repunte del nivel de contagio.<\/p>\n\n\n\n<p>Es por esto que, adelant\u00e1ndose a dicha situaci\u00f3n y manteniendo un toque de queda moderado, evitaremos tener que retornar a horarios m\u00e1s restrictivos o acudir a otras medidas a\u00fan m\u00e1s severas\u201d.<\/p>\n\n\n\n<p>Fuente: El D\u00eda. <\/p>\n","protected":false},"excerpt":{"rendered":"<p>SANTO DOMINGO.-El estado de emergencia fue extendido ayer por elSenado y la C\u00e1mara de diputados por 45 d\u00edas, los cuales iniciar\u00e1n el mi\u00e9rcoles 2 de diciembre y concluir\u00e1n el 15 de enero. La excepci\u00f3n permitir\u00e1 al Poder Ejecutivo aplicar medidas restrictivas durante el per\u00edodo navide\u00f1o en el cual se incrementa la llegada de dominicanos del [&hellip;]<\/p>\n","protected":false},"author":44079,"featured_media":72497,"comment_status":"open","ping_status":"open","sticky":false,"template":"","format":"standard","meta":{"footnotes":""},"categories":[44],"tags":[],"class_list":["post-72496","post","type-post","status-publish","format-standard","has-post-thumbnail","hentry","category-republica-dominicana"],"_links":{"self":[{"href":"https:\/\/2horizontes.com\/index.php?rest_route=\/wp\/v2\/posts\/72496","targetHints":{"allow":["GET"]}}],"collection":[{"href":"https:\/\/2horizontes.com\/index.php?rest_route=\/wp\/v2\/posts"}],"about":[{"href":"https:\/\/2horizontes.com\/index.php?rest_route=\/wp\/v2\/types\/post"}],"author":[{"embeddable":true,"href":"https:\/\/2horizontes.com\/index.php?rest_route=\/wp\/v2\/users\/44079"}],"replies":[{"embeddable":true,"href":"https:\/\/2horizontes.com\/index.php?rest_route=%2Fwp%2Fv2%2Fcomments&post=72496"}],"version-history":[{"count":1,"href":"https:\/\/2horizontes.com\/index.php?rest_route=\/wp\/v2\/posts\/72496\/revisions"}],"predecessor-version":[{"id":72498,"href":"https:\/\/2horizontes.com\/index.php?rest_route=\/wp\/v2\/posts\/72496\/revisions\/72498"}],"wp:featuredmedia":[{"embeddable":true,"href":"https:\/\/2horizontes.com\/index.php?rest_route=\/wp\/v2\/media\/72497"}],"wp:attachment":[{"href":"https:\/\/2horizontes.com\/index.php?rest_route=%2Fwp%2Fv2%2Fmedia&parent=72496"}],"wp:term":[{"taxonomy":"category","embeddable":true,"href":"https:\/\/2horizontes.com\/index.php?rest_route=%2Fwp%2Fv2%2Fcategories&post=72496"},{"taxonomy":"post_tag","embeddable":true,"href":"https:\/\/2horizontes.com\/index.php?rest_route=%2Fwp%2Fv2%2Ftags&post=72496"}],"curies":[{"name":"wp","href":"https:\/\/api.w.org\/{rel}","templated":true}]}}