{"id":72486,"date":"2020-11-26T10:21:52","date_gmt":"2020-11-26T09:21:52","guid":{"rendered":"http:\/\/2horizontes.com\/?p=72486"},"modified":"2020-11-26T10:21:54","modified_gmt":"2020-11-26T09:21:54","slug":"reportan-que-el-ejercito-israeli-se-prepara-para-la-posibilidad-de-que-trump-ataque-a-iran","status":"publish","type":"post","link":"https:\/\/2horizontes.com\/?p=72486","title":{"rendered":"Reportan que el Ej\u00e9rcito israel\u00ed se prepara para la posibilidad de que Trump ataque a Ir\u00e1n"},"content":{"rendered":"\n<p>Las Fuerzas de Defensa de Israel (FDI) habr\u00edan recibido instrucciones de su Gobierno, en las \u00faltimas semanas, de prepararse para la posibilidad de que EE.UU. lleve a cabo un ataque militar contra Ir\u00e1n antes de que el presidente Donald Trump deje el cargo, informa&nbsp;<a href=\"https:\/\/www.axios.com\/israeli-military-prepares-trump-iran-0d0a5725-c410-4f5c-a0ea-9c6f9add4966.html\" target=\"_blank\" rel=\"noreferrer noopener\">Axios<\/a>&nbsp;al citar a altos funcionarios israel\u00edes.<\/p>\n\n\n\n<p>Seg\u00fan el portal, el alerta del Gobierno no se debe a ninguna se\u00f1al de inteligencia o evaluaci\u00f3n de que Trump se disponga a ordenar tal ataque, sino a que altos cargos israel\u00edes anticipan&nbsp;<strong>\u00abun per\u00edodo muy delicado\u00bb<\/strong>&nbsp;antes de la investidura de Joe Biden el pr\u00f3ximo 20 de enero.<\/p>\n\n\n\n<p>Los preparativos exigidos a las FDI est\u00e1n relacionados con posibles represalias de Teher\u00e1n contra Israel \u2014directamente o mediante fuerzas pro-iran\u00edes en Siria, Gaza y el L\u00edbano\u2014 en caso de un ataque estadounidense, explican las fuentes.<\/p>\n\n\n\n<p>Aunque los altos cargos israel\u00edes esperan que su pa\u00eds reciba un aviso previo en caso de planificarse cualquier ataque de EE.UU. contra Ir\u00e1n, les preocupa que el lapso no sea suficiente para prepararse por completo, por lo que las FDI han comenzado a tomar medidas preparatorias bajo el supuesto de que tal escenario es posible.<\/p>\n\n\n\n<h3 class=\"wp-block-heading\">\u00abUna guerra en toda regla\u00bb<\/h3>\n\n\n\n<p>La semana pasada, The New York Times inform\u00f3 que Trump&nbsp;<a href=\"https:\/\/actualidad.rt.com\/actualidad\/373739-trump-plantear-opcion-militar-iran\" target=\"_blank\" rel=\"noreferrer noopener\">plante\u00f3<\/a>&nbsp;recientemente, en una reuni\u00f3n con altos miembros de su equipo de Seguridad Nacional, la posibilidad de atacar una instalaci\u00f3n iran\u00ed de enriquecimiento de uranio, y concretamente la ubicada en Natanz. Sin embargo, varios asesores superiores supuestamente disuadieron al mandatario, al advertirle que un ataque contra esas instalaciones iran\u00edes&nbsp;<strong>podr\u00eda convertirse f\u00e1cilmente en un conflicto m\u00e1s amplio<\/strong>&nbsp;e inadecuado para las \u00faltimas semanas de la presidencia de Trump.<\/p>\n\n\n\n<p>Por su parte, Hossein Dehghan, asesor del l\u00edder iran\u00ed Al\u00ed Jamenei y posible candidato en las pr\u00f3ximas elecciones presidenciales, declar\u00f3 a AP la semana pasada que un ataque militar estadounidense contra su pa\u00eds podr\u00eda desencadenar una \u00abguerra en toda regla\u00bb en Oriente Medio.<\/p>\n\n\n\n<p>Fuente: RT. <\/p>\n","protected":false},"excerpt":{"rendered":"<p>Las Fuerzas de Defensa de Israel (FDI) habr\u00edan recibido instrucciones de su Gobierno, en las \u00faltimas semanas, de prepararse para la posibilidad de que EE.UU. lleve a cabo un ataque militar contra Ir\u00e1n antes de que el presidente Donald Trump deje el cargo, informa&nbsp;Axios&nbsp;al citar a altos funcionarios israel\u00edes. Seg\u00fan el portal, el alerta del [&hellip;]<\/p>\n","protected":false},"author":44079,"featured_media":72487,"comment_status":"open","ping_status":"open","sticky":false,"template":"","format":"standard","meta":{"footnotes":""},"categories":[40,43],"tags":[],"class_list":["post-72486","post","type-post","status-publish","format-standard","has-post-thumbnail","hentry","category-internacionales","category-politica"],"_links":{"self":[{"href":"https:\/\/2horizontes.com\/index.php?rest_route=\/wp\/v2\/posts\/72486","targetHints":{"allow":["GET"]}}],"collection":[{"href":"https:\/\/2horizontes.com\/index.php?rest_route=\/wp\/v2\/posts"}],"about":[{"href":"https:\/\/2horizontes.com\/index.php?rest_route=\/wp\/v2\/types\/post"}],"author":[{"embeddable":true,"href":"https:\/\/2horizontes.com\/index.php?rest_route=\/wp\/v2\/users\/44079"}],"replies":[{"embeddable":true,"href":"https:\/\/2horizontes.com\/index.php?rest_route=%2Fwp%2Fv2%2Fcomments&post=72486"}],"version-history":[{"count":1,"href":"https:\/\/2horizontes.com\/index.php?rest_route=\/wp\/v2\/posts\/72486\/revisions"}],"predecessor-version":[{"id":72488,"href":"https:\/\/2horizontes.com\/index.php?rest_route=\/wp\/v2\/posts\/72486\/revisions\/72488"}],"wp:featuredmedia":[{"embeddable":true,"href":"https:\/\/2horizontes.com\/index.php?rest_route=\/wp\/v2\/media\/72487"}],"wp:attachment":[{"href":"https:\/\/2horizontes.com\/index.php?rest_route=%2Fwp%2Fv2%2Fmedia&parent=72486"}],"wp:term":[{"taxonomy":"category","embeddable":true,"href":"https:\/\/2horizontes.com\/index.php?rest_route=%2Fwp%2Fv2%2Fcategories&post=72486"},{"taxonomy":"post_tag","embeddable":true,"href":"https:\/\/2horizontes.com\/index.php?rest_route=%2Fwp%2Fv2%2Ftags&post=72486"}],"curies":[{"name":"wp","href":"https:\/\/api.w.org\/{rel}","templated":true}]}}