{"id":72439,"date":"2020-11-20T16:14:29","date_gmt":"2020-11-20T15:14:29","guid":{"rendered":"http:\/\/2horizontes.com\/?p=72439"},"modified":"2020-11-20T16:14:31","modified_gmt":"2020-11-20T15:14:31","slug":"profesionales-tienen-el-reto-de-adaptarse-a-la-modalidad-online","status":"publish","type":"post","link":"https:\/\/2horizontes.com\/?p=72439","title":{"rendered":"Profesionales tienen el reto de adaptarse a la modalidad \u201conline\u201d"},"content":{"rendered":"\n<p><strong>SANTO DOMINGO.-<\/strong>En la nueva normalidad, el gran reto de los profesionales es la adaptaci\u00f3n al ambiente \u201cblended\u201d, combinaci\u00f3n de lo presencial y lo virtual, donde los formadores deber\u00e1n llevar sus entregas presenciales a la modalidad \u201conline\u201d o virtual, sin que afecte el rendimiento.<\/p>\n\n\n\n<p>As\u00ed lo afirma la consultora organizacional Yira Sandoval, directora de Ademusa, qui\u00e9n destaca que es muy importante que todo profesional pueda aprender a manejar los programas tecnol\u00f3gicos que permitan hacer su trabajo m\u00e1s \u00e1gil y eficaz, con el soporte de la comunicaci\u00f3n, para hacerlo de manera eficaz y eficiente.<\/p>\n\n\n\n<figure class=\"wp-block-image\"><img decoding=\"async\" src=\"https:\/\/eldia.com.do\/wp-content\/uploads\/2020\/11\/21_Vinculadap01-216x300.jpg\" alt=\"\" class=\"wp-image-1118251\"\/><figcaption>Yira Sandoval<\/figcaption><\/figure>\n\n\n\n<p>Agrega: \u201cEn estos tiempos, tenemos que hablar de la importancia del manejo de la comunicaci\u00f3n sincr\u00f3nica y asincr\u00f3nica para la efectividad de nuestras entregas de capacitaci\u00f3n y desarrollo.<\/p>\n\n\n\n<p>Al referirnos a ellas estamos hablando sobre dos formas de intercambio de la informaci\u00f3n en funci\u00f3n de la simultaneidad con la que se env\u00eda y ofrece el mensaje\u201d.<\/p>\n\n\n\n<p>Tipos de comunicaci\u00f3n<br>La especialista en gesti\u00f3n de Recursos Humanos explica que la sincr\u00f3nica es aquella \u201cen la que los usuarios, a trav\u00e9s de una red telem\u00e1tica, coinciden en el tiempo y se comunican entre s\u00ed, con texto, audio y v\u00eddeo, donde losinterlocutores conversan al mismo tiempo\u201d.<\/p>\n\n\n\n<p>Por el contrario, en la asincr\u00f3nica, explica que \u201clos participantes utilizan el sistema de comunicaci\u00f3n en tiempos diferentes, como es el caso del correo electr\u00f3nico, donde el receptor puede leer el mensaje sin que se produzca esa simultaneidad.<\/p>\n\n\n\n<p>Educaci\u00f3n virtual<br>Yira Sandoval afirma que la capacitaci\u00f3n virtual lleg\u00f3 para quedarse y todos deben ser parte de la evoluci\u00f3n del mundo.<\/p>\n\n\n\n<p>\u201cDesde hace a\u00f1os, en Adenosa, hemos trabajado los planes de desarrollo organizacional y capacitaci\u00f3n de forma presencial, siendo referente de calidad. Ahora, la virtualidad nos permite tener un campo de acci\u00f3n y excelencia mayor, en especial porque contamos con un equipo de profesionales multidisciplinario que est\u00e1 preparado para ayudar a optimizar el rendimiento de los empleados, elevando su autoestima laboral, sentido de pertenencia y compromiso con la organizaci\u00f3n\u201d.<\/p>\n\n\n\n<p>Generar cambios<br>Tanto los procesos de Desarrollo Organizacional, el coaching y la capacitaci\u00f3n, son vitales para generar cambio en las organizaciones p\u00fablicas y privadas.<\/p>\n\n\n\n<p>La especialista en capacitaci\u00f3n empresarial indica que el escenario pand\u00e9mico no es limitante, ni puede detener el avance, gracias al uso de la tecnolog\u00eda, sus avances, que hacen posible que el trabajo y la educaci\u00f3n se puedan dar sin mayores inconvenientes, ya sea presencial, virtual o una combinaci\u00f3n.<\/p>\n\n\n\n<p>La capacitaci\u00f3n online y virtual son una herramienta importante para generar los cambios que demanda la econom\u00eda global, ya que inserta a los profesionales en el escenario global.<\/p>\n\n\n\n<p>Capacitaci\u00f3n y desarrollo<br>Perfil. La directora de Adiestramientos Multiples Sandoval, SRL, (Ademusa) es empresaria, pol\u00edtica apasionada del bien comunitario, especialista en Gesti\u00f3n Humana, experta en manejo de cambio organizacional, y especialista en capacitaci\u00f3n y desarrollo. Contacto: sard@gmail.com y WhatsApp 809-751-4769.<\/p>\n\n\n\n<p>Fuente: El D\u00eda. <\/p>\n","protected":false},"excerpt":{"rendered":"<p>SANTO DOMINGO.-En la nueva normalidad, el gran reto de los profesionales es la adaptaci\u00f3n al ambiente \u201cblended\u201d, combinaci\u00f3n de lo presencial y lo virtual, donde los formadores deber\u00e1n llevar sus entregas presenciales a la modalidad \u201conline\u201d o virtual, sin que afecte el rendimiento. As\u00ed lo afirma la consultora organizacional Yira Sandoval, directora de Ademusa, qui\u00e9n [&hellip;]<\/p>\n","protected":false},"author":44079,"featured_media":72440,"comment_status":"open","ping_status":"open","sticky":false,"template":"","format":"standard","meta":{"footnotes":""},"categories":[62,55,40,44],"tags":[],"class_list":["post-72439","post","type-post","status-publish","format-standard","has-post-thumbnail","hentry","category-cultura","category-educacion","category-internacionales","category-republica-dominicana"],"_links":{"self":[{"href":"https:\/\/2horizontes.com\/index.php?rest_route=\/wp\/v2\/posts\/72439","targetHints":{"allow":["GET"]}}],"collection":[{"href":"https:\/\/2horizontes.com\/index.php?rest_route=\/wp\/v2\/posts"}],"about":[{"href":"https:\/\/2horizontes.com\/index.php?rest_route=\/wp\/v2\/types\/post"}],"author":[{"embeddable":true,"href":"https:\/\/2horizontes.com\/index.php?rest_route=\/wp\/v2\/users\/44079"}],"replies":[{"embeddable":true,"href":"https:\/\/2horizontes.com\/index.php?rest_route=%2Fwp%2Fv2%2Fcomments&post=72439"}],"version-history":[{"count":1,"href":"https:\/\/2horizontes.com\/index.php?rest_route=\/wp\/v2\/posts\/72439\/revisions"}],"predecessor-version":[{"id":72441,"href":"https:\/\/2horizontes.com\/index.php?rest_route=\/wp\/v2\/posts\/72439\/revisions\/72441"}],"wp:featuredmedia":[{"embeddable":true,"href":"https:\/\/2horizontes.com\/index.php?rest_route=\/wp\/v2\/media\/72440"}],"wp:attachment":[{"href":"https:\/\/2horizontes.com\/index.php?rest_route=%2Fwp%2Fv2%2Fmedia&parent=72439"}],"wp:term":[{"taxonomy":"category","embeddable":true,"href":"https:\/\/2horizontes.com\/index.php?rest_route=%2Fwp%2Fv2%2Fcategories&post=72439"},{"taxonomy":"post_tag","embeddable":true,"href":"https:\/\/2horizontes.com\/index.php?rest_route=%2Fwp%2Fv2%2Ftags&post=72439"}],"curies":[{"name":"wp","href":"https:\/\/api.w.org\/{rel}","templated":true}]}}