{"id":72354,"date":"2020-11-10T16:16:40","date_gmt":"2020-11-10T15:16:40","guid":{"rendered":"http:\/\/2horizontes.com\/?p=72354"},"modified":"2020-11-10T16:16:43","modified_gmt":"2020-11-10T15:16:43","slug":"el-congreso-de-peru-destituye-al-presidente-vizcarra-tras-aprobar-el-segundo-pedido-de-vacancia-en-su-contra","status":"publish","type":"post","link":"https:\/\/2horizontes.com\/?p=72354","title":{"rendered":"El Congreso de Per\u00fa destituye al presidente Vizcarra tras aprobar el segundo pedido de vacancia en su contra"},"content":{"rendered":"\n<p>El presidente de Per\u00fa, Mart\u00edn Vizcarra, no super\u00f3 con \u00e9xito el segundo pedido de vacancia en su contra&nbsp;este&nbsp;lunes en el Congreso, y qued\u00f3 excluido del Ejecutivo. El relevo lo tomar\u00e1 el Presidente del Parlamento, Manuel Merino, quien deber\u00e1 hacerse cargo del Gobierno&nbsp;hasta completar el mandato actual, que culmina el 28 de julio de 2021.<\/p>\n\n\n\n<p>La destituci\u00f3n ocurre por&nbsp;<strong>\u00abincapacidad moral\u00bb<\/strong>, mientras avanza en la Fiscal\u00eda una investigaci\u00f3n por un presunto caso de corrupci\u00f3n en la construcci\u00f3n de un hospital, cuando era gobernador regional de Moquegua (2011-2014),&nbsp;y a solo cinco meses de&nbsp;las pr\u00f3ximas elecciones presidenciales.<\/p>\n\n\n\n<p>Tras un extenso debate de m\u00e1s de cuatro horas, los detractores del mandatario en el Parlamento<strong>&nbsp;lograron conseguir los 87 votos necesarios<\/strong>&nbsp;de los 130 posibles para avanzar con la destituci\u00f3n. As\u00ed, la votaci\u00f3n final del Congreso qued\u00f3 con&nbsp;<strong>105 a favor<\/strong>&nbsp;de la interrupci\u00f3n de su mandato,&nbsp;<strong>19 que&nbsp;se inclinaron por la continuidad<\/strong>&nbsp;y 4 abstenciones.<\/p>\n\n\n\n<figure><iframe allowfullscreen=\"true\" class=\"\" src=\"https:\/\/platform.twitter.com\/embed\/index.html?dnt=false&amp;embedId=twitter-widget-0&amp;frame=false&amp;hideCard=false&amp;hideThread=false&amp;id=1325957184501534721&amp;lang=es&amp;origin=https%3A%2F%2Factualidad.rt.com%2Factualidad%2F372917-congreso-peru-destituye-presidente-vizcarra&amp;siteScreenName=ActualidadRT&amp;theme=light&amp;widgetsVersion=ed20a2b%3A1601588405575&amp;width=550px\"><\/iframe><\/figure>\n\n\n\n<p>Merino asumir\u00e1 la Presidencia este martes, en una nueva sesi\u00f3n virtual del pleno del Congreso.&nbsp;<\/p>\n\n\n\n<p>Mas temprano, Vizcarra acudi\u00f3 a la sede del Legislativo para exponer su defensa ante los parlamentarios:&nbsp;<strong>\u00abUna vacancia incrementar\u00eda los temores sobre la institucionalidad\u00bb<\/strong>, sostuvo. Fue el argumento compartido por los parlamentarios que se opusieron a la vacancia, quienes se apoyaron en el resguardo a la gobernabilidad del pa\u00eds, en medio de la crisis econ\u00f3mica y sanitaria.&nbsp;<\/p>\n\n\n\n<p>Por su parte, Vizcarra hab\u00eda pedido al Tribunal Constitucional que se pronuncie sobre la interpretaci\u00f3n de este recurso. Y en cuanto a su acusaci\u00f3n, remarc\u00f3: \u00abNo existe prueba fehaciente de delito alguno, y no la habr\u00e1, porque no he cobrado soborno alguno\u00bb. De todos modos, afirm\u00f3 que dejar\u00e1 avanzar las investigaciones judiciales.&nbsp;<\/p>\n\n\n\n<p>Esta instancia lleg\u00f3 tras una votaci\u00f3n previa,&nbsp;cuando el Parlamento defini\u00f3 concretar el juicio pol\u00edtico con&nbsp;60&nbsp;votos a favor, 40 en contra y 18 abstenciones.&nbsp;El proceso se produjo porque Vizcarra fue acusado de tener&nbsp;\u00ab<strong>incapacidad moral<\/strong>\u00bb para gobernar, en medio de las sospechas de haber recibido coimas por la instalaci\u00f3n del centro de salud antes de ser presidente.&nbsp;<\/p>\n\n\n\n<figure class=\"wp-block-image\"><img decoding=\"async\" src=\"https:\/\/cdni.rt.com\/actualidad\/public_images\/2020.11\/thumbnail\/5fa96de0e9ff7154d9396d47.jpg\" alt=\"\"\/><figcaption>El presidente peruano, Mart\u00edn Vizcarra, habla con reporteros antes de ingresar al Congreso en Lima, Per\u00fa, 9 de noviembre de 2020.Rodrigo Abd&nbsp;\/ AP<\/figcaption><\/figure>\n\n\n\n<p>Igualmente, Vizcarra hab\u00eda solicitado adelantar la fecha de la votaci\u00f3n final para el viernes pasado,&nbsp;argumentando que el caso generaba&nbsp;<strong>\u00abzozobra permanente\u00bb<\/strong>. No obstante, la Mesa Directiva del Congreso rechaz\u00f3 la solicitud y resolvi\u00f3 sostener la jornada para el 9 de noviembre, como finalmente ocurri\u00f3.&nbsp;<\/p>\n\n\n\n<p>La iniciativa del juicio pol\u00edtico fue presentada por el legislador Jos\u00e9 Vega Antonio, secretario general del partido nacionalista Uni\u00f3n por el Per\u00fa (UPP), quien argument\u00f3 que&nbsp;<strong>\u00abel pueblo est\u00e1 cansado de presidentes corruptos\u00bb<\/strong>&nbsp;y llam\u00f3 a iniciar&nbsp;<strong>\u00abuna gran cruzada para combatir la corrupci\u00f3n\u00bb<\/strong>.<\/p>\n\n\n\n<p>As\u00ed, el jefe de Estado no pudo salir airoso de dos intentos destituyentes en menos de dos meses. El&nbsp;<a href=\"https:\/\/actualidad.rt.com\/actualidad\/367043-congreso-peru-rechaza-pedido-vacancia-martin-vizcarra\" target=\"_blank\" rel=\"noreferrer noopener\">anterior<\/a>, desarrollado el 18 de septiembre, fue por una presunta contrataci\u00f3n irregular al cantante&nbsp;Richard Cisneros, por parte del Ministerio de Cultura.&nbsp;<\/p>\n\n\n\n<p>En aquella oportunidad, la moci\u00f3n de vacancia&nbsp;solo alcanz\u00f3 32 votos a favor y 78 en contra. Aunque no prosper\u00f3, increment\u00f3 sensiblemente la crisis pol\u00edtica en Per\u00fa, uno de los pa\u00edses m\u00e1s afectados por la pandemia en la regi\u00f3n. &nbsp;<\/p>\n\n\n\n<p>Desde la reforma de la Constituci\u00f3n de Per\u00fa, en 1993, se activaron en total cuatro&nbsp;pedidos de vacancia presidencial. El primero se produjo&nbsp;en 2010 y deriv\u00f3 en la destituci\u00f3n de Alberto Fujimori, quien d\u00edas antes hab\u00eda renunciado al cargo desde Jap\u00f3n. Otros dos se dieron entre diciembre de&nbsp;2017 y marzo de 2018, cuando el antecesor de Vizcarra, Pedro Pablo Kuczynski, dimiti\u00f3 para evitar ser destituido en el segundo intento.&nbsp;<\/p>\n\n\n\n<h3 class=\"wp-block-heading\">Respuesta de Vizcarra&nbsp;<\/h3>\n\n\n\n<p>Ante la decisi\u00f3n del Congreso, Mart\u00edn Vizcarra&nbsp;<a href=\"https:\/\/actualidad.rt.com\/actualidad\/372980-tomare-accion-legal-vizcarra-anuncia-abandonara-palacio-gobierno-peru\" target=\"_blank\" rel=\"noreferrer noopener\">anunci\u00f3<\/a>&nbsp;este lunes que no tomar\u00e1&nbsp;<strong>\u00abninguna acci\u00f3n legal\u00bb.&nbsp;<\/strong><\/p>\n\n\n\n<p>\u00abHoy d\u00eda dejo Palacio de Gobierno, hoy d\u00eda&nbsp;<strong>me voy a mi domicilio&nbsp;<\/strong>a pesar que hay innumerables recomendaciones para que actuemos a trav\u00e9s de acciones legales para impedir esta decisi\u00f3n\u00bb, manifest\u00f3 el mandatario.<\/p>\n\n\n\n<p>Por otra parte, Vizcarra agreg\u00f3 que durante su gesti\u00f3n enfrent\u00f3 \u00absucesivas crisis\u00bb donde siempre respet\u00f3 la \u00ablegalidad\u00bb y trabaj\u00f3 con la \u00abConstituci\u00f3n en mano\u00bb. Adem\u00e1s, asegur\u00f3 que no est\u00e1 de acuerdo con la decisi\u00f3n de los legisladores y saldr\u00e1 del Palacio \u00abcon la frente en alto\u00bb.<\/p>\n\n\n\n<p>Fuente: RT.<\/p>\n","protected":false},"excerpt":{"rendered":"<p>El presidente de Per\u00fa, Mart\u00edn Vizcarra, no super\u00f3 con \u00e9xito el segundo pedido de vacancia en su contra&nbsp;este&nbsp;lunes en el Congreso, y qued\u00f3 excluido del Ejecutivo. El relevo lo tomar\u00e1 el Presidente del Parlamento, Manuel Merino, quien deber\u00e1 hacerse cargo del Gobierno&nbsp;hasta completar el mandato actual, que culmina el 28 de julio de 2021. La [&hellip;]<\/p>\n","protected":false},"author":44079,"featured_media":72355,"comment_status":"open","ping_status":"open","sticky":false,"template":"","format":"standard","meta":{"footnotes":""},"categories":[40,43],"tags":[],"class_list":["post-72354","post","type-post","status-publish","format-standard","has-post-thumbnail","hentry","category-internacionales","category-politica"],"_links":{"self":[{"href":"https:\/\/2horizontes.com\/index.php?rest_route=\/wp\/v2\/posts\/72354","targetHints":{"allow":["GET"]}}],"collection":[{"href":"https:\/\/2horizontes.com\/index.php?rest_route=\/wp\/v2\/posts"}],"about":[{"href":"https:\/\/2horizontes.com\/index.php?rest_route=\/wp\/v2\/types\/post"}],"author":[{"embeddable":true,"href":"https:\/\/2horizontes.com\/index.php?rest_route=\/wp\/v2\/users\/44079"}],"replies":[{"embeddable":true,"href":"https:\/\/2horizontes.com\/index.php?rest_route=%2Fwp%2Fv2%2Fcomments&post=72354"}],"version-history":[{"count":1,"href":"https:\/\/2horizontes.com\/index.php?rest_route=\/wp\/v2\/posts\/72354\/revisions"}],"predecessor-version":[{"id":72356,"href":"https:\/\/2horizontes.com\/index.php?rest_route=\/wp\/v2\/posts\/72354\/revisions\/72356"}],"wp:featuredmedia":[{"embeddable":true,"href":"https:\/\/2horizontes.com\/index.php?rest_route=\/wp\/v2\/media\/72355"}],"wp:attachment":[{"href":"https:\/\/2horizontes.com\/index.php?rest_route=%2Fwp%2Fv2%2Fmedia&parent=72354"}],"wp:term":[{"taxonomy":"category","embeddable":true,"href":"https:\/\/2horizontes.com\/index.php?rest_route=%2Fwp%2Fv2%2Fcategories&post=72354"},{"taxonomy":"post_tag","embeddable":true,"href":"https:\/\/2horizontes.com\/index.php?rest_route=%2Fwp%2Fv2%2Ftags&post=72354"}],"curies":[{"name":"wp","href":"https:\/\/api.w.org\/{rel}","templated":true}]}}