{"id":72195,"date":"2020-10-23T16:05:45","date_gmt":"2020-10-23T15:05:45","guid":{"rendered":"http:\/\/2horizontes.com\/?p=72195"},"modified":"2020-10-23T16:21:20","modified_gmt":"2020-10-23T15:21:20","slug":"ministro-de-salud-publica-y-su-esposa-estan-ingresados-en-centro-de-salud-por-covid-19","status":"publish","type":"post","link":"https:\/\/2horizontes.com\/?p=72195","title":{"rendered":"Rep\u00fablica Dominicana: Ministro de Salud P\u00fablica y su esposa est\u00e1n ingresados en centro de salud por covid-19"},"content":{"rendered":"\n<p>El ministro de Salud P\u00fablica, Plutarco Arias, est\u00e1 ingresado en un centro m\u00e9dico como medida de precauci\u00f3n, luego de haber dado positivo al coronavirus a mediados de esta semana.<\/p>\n\n\n\n<p>Seg\u00fan el personal de la centro de salud, tambi\u00e9n est\u00e1 ingresada esposa, quien dio positivo al covid. Mientras que el hijo del ministro est\u00e1 en aislamiento domiciliario.&nbsp;&nbsp;<\/p>\n\n\n\n<p>\u00abEst\u00e1 estable.&nbsp;<strong>Gracias a Dios no ha necesitado Unidad Cuidados Intensivos.&nbsp;<\/strong>Lo tenemos aqu\u00ed paracuidarlo y darle manejo que amerita bajo el protocolo que tenemos establecido&#8230; Es un paciente que tiene m\u00e1s de 60 a\u00f1os de edad, alguna comorbilidad como hipertensi\u00f3n y por lo que necesita realmente cuidados especiales\u00bb, dijeron en la cl\u00ednica.&nbsp;<\/p>\n\n\n\n<p>Una doctora del centro Uni\u00f3n M\u00e9dica de Santiago dijo que se inci\u00f3 el tratamiento con remdesivir.<\/p>\n\n\n\n<p><strong>\u00abEst\u00e1 muy animado, no ha dejado de trabajar&#8230;, est\u00e1 muy pendiente&nbsp;<\/strong>a pesar de su condici\u00f3n en este momento\u00bb, dijo una especialista que habl\u00f3 con la prensa.&nbsp;&nbsp;<\/p>\n\n\n\n<p>En una rueda de prensa en el Ministerio de Salud P\u00fablica aclararon que el funcionario contin\u00faa estable y bajo \u201cestricto\u201d control m\u00e9dico.<\/p>\n\n\n\n<p>De acuerdo con las declaraciones realizadas, dicha hospitalizaci\u00f3n se hizo a fin de&nbsp;<strong>lograr un mayor control sobre el tratamiento de Arias<\/strong>, y para que se mantenga en reposo total durante el mismo.<\/p>\n\n\n\n<p>Arias est\u00e1 hospitalizado en la cl\u00ednica Uni\u00f3n M\u00e9dica del Norte, seg\u00fan inform\u00f3 ese centro asistencial, junto a su esposa, donde aseguraron que su situaci\u00f3n evoluciona positivamente.<\/p>\n\n\n\n<p>Fuente: List\u00edn Diario. <\/p>\n","protected":false},"excerpt":{"rendered":"<p>El ministro de Salud P\u00fablica, Plutarco Arias, est\u00e1 ingresado en un centro m\u00e9dico como medida de precauci\u00f3n, luego de haber dado positivo al coronavirus a mediados de esta semana. Seg\u00fan el personal de la centro de salud, tambi\u00e9n est\u00e1 ingresada esposa, quien dio positivo al covid. Mientras que el hijo del ministro est\u00e1 en aislamiento [&hellip;]<\/p>\n","protected":false},"author":44079,"featured_media":72196,"comment_status":"open","ping_status":"open","sticky":false,"template":"","format":"standard","meta":{"footnotes":""},"categories":[44,45],"tags":[],"class_list":["post-72195","post","type-post","status-publish","format-standard","has-post-thumbnail","hentry","category-republica-dominicana","category-salud"],"_links":{"self":[{"href":"https:\/\/2horizontes.com\/index.php?rest_route=\/wp\/v2\/posts\/72195","targetHints":{"allow":["GET"]}}],"collection":[{"href":"https:\/\/2horizontes.com\/index.php?rest_route=\/wp\/v2\/posts"}],"about":[{"href":"https:\/\/2horizontes.com\/index.php?rest_route=\/wp\/v2\/types\/post"}],"author":[{"embeddable":true,"href":"https:\/\/2horizontes.com\/index.php?rest_route=\/wp\/v2\/users\/44079"}],"replies":[{"embeddable":true,"href":"https:\/\/2horizontes.com\/index.php?rest_route=%2Fwp%2Fv2%2Fcomments&post=72195"}],"version-history":[{"count":2,"href":"https:\/\/2horizontes.com\/index.php?rest_route=\/wp\/v2\/posts\/72195\/revisions"}],"predecessor-version":[{"id":72201,"href":"https:\/\/2horizontes.com\/index.php?rest_route=\/wp\/v2\/posts\/72195\/revisions\/72201"}],"wp:featuredmedia":[{"embeddable":true,"href":"https:\/\/2horizontes.com\/index.php?rest_route=\/wp\/v2\/media\/72196"}],"wp:attachment":[{"href":"https:\/\/2horizontes.com\/index.php?rest_route=%2Fwp%2Fv2%2Fmedia&parent=72195"}],"wp:term":[{"taxonomy":"category","embeddable":true,"href":"https:\/\/2horizontes.com\/index.php?rest_route=%2Fwp%2Fv2%2Fcategories&post=72195"},{"taxonomy":"post_tag","embeddable":true,"href":"https:\/\/2horizontes.com\/index.php?rest_route=%2Fwp%2Fv2%2Ftags&post=72195"}],"curies":[{"name":"wp","href":"https:\/\/api.w.org\/{rel}","templated":true}]}}