{"id":72183,"date":"2020-10-22T16:07:43","date_gmt":"2020-10-22T15:07:43","guid":{"rendered":"http:\/\/2horizontes.com\/?p=72183"},"modified":"2020-10-22T16:08:06","modified_gmt":"2020-10-22T15:08:06","slug":"presidente-abinader-cancela-a-178-funcionarios-del-servicio-exterior","status":"publish","type":"post","link":"https:\/\/2horizontes.com\/?p=72183","title":{"rendered":"Presidente Abinader cancela a 178 funcionarios del servicio exterior"},"content":{"rendered":"\n<p>El presidente Luis Abinader cancel\u00f3 a 178 vicec\u00f3nsules y auxiliares del servicio exterior. La medida fue tomada a trav\u00e9s de los decretos 558, 559, 560 y 561-20, donde se\u00f1ala que quedan derogados los decretos con que fueron designados.<\/p>\n\n\n\n<p>Entre los pa\u00edses que los diplom\u00e1ticos cancelados prestaban sus servicios se encuentran B\u00e9lgica, Alemania, Antigua y Barbuda, Brasil, Aruba, Puerto Rico, Rep\u00fablica Checa, San Martin, Suiza, Venezuela, Francia, Brasil, Estados Unidos, Italia, Colombia, Canad\u00e1, Curazao.<\/p>\n\n\n\n<p>Tambi\u00e9n estaban en Hait\u00ed, Panam\u00e1, China, Honduras, Cuba, entre otros, donde se desempe\u00f1aban como vicec\u00f3nsul y auxiliares en esos consulados.<\/p>\n\n\n\n<p>Los decretos indican que queda sin efecto cualquier traslado administrativo relacionado a las designaciones derogadas.<\/p>\n\n\n\n<p>Fuente: List\u00edn Diario.<\/p>\n","protected":false},"excerpt":{"rendered":"<p>El presidente Luis Abinader cancel\u00f3 a 178 vicec\u00f3nsules y auxiliares del servicio exterior. La medida fue tomada a trav\u00e9s de los decretos 558, 559, 560 y 561-20, donde se\u00f1ala que quedan derogados los decretos con que fueron designados. Entre los pa\u00edses que los diplom\u00e1ticos cancelados prestaban sus servicios se encuentran B\u00e9lgica, Alemania, Antigua y Barbuda, [&hellip;]<\/p>\n","protected":false},"author":44079,"featured_media":71901,"comment_status":"open","ping_status":"open","sticky":false,"template":"","format":"standard","meta":{"footnotes":""},"categories":[40,43,44],"tags":[],"class_list":["post-72183","post","type-post","status-publish","format-standard","has-post-thumbnail","hentry","category-internacionales","category-politica","category-republica-dominicana"],"_links":{"self":[{"href":"https:\/\/2horizontes.com\/index.php?rest_route=\/wp\/v2\/posts\/72183","targetHints":{"allow":["GET"]}}],"collection":[{"href":"https:\/\/2horizontes.com\/index.php?rest_route=\/wp\/v2\/posts"}],"about":[{"href":"https:\/\/2horizontes.com\/index.php?rest_route=\/wp\/v2\/types\/post"}],"author":[{"embeddable":true,"href":"https:\/\/2horizontes.com\/index.php?rest_route=\/wp\/v2\/users\/44079"}],"replies":[{"embeddable":true,"href":"https:\/\/2horizontes.com\/index.php?rest_route=%2Fwp%2Fv2%2Fcomments&post=72183"}],"version-history":[{"count":2,"href":"https:\/\/2horizontes.com\/index.php?rest_route=\/wp\/v2\/posts\/72183\/revisions"}],"predecessor-version":[{"id":72185,"href":"https:\/\/2horizontes.com\/index.php?rest_route=\/wp\/v2\/posts\/72183\/revisions\/72185"}],"wp:featuredmedia":[{"embeddable":true,"href":"https:\/\/2horizontes.com\/index.php?rest_route=\/wp\/v2\/media\/71901"}],"wp:attachment":[{"href":"https:\/\/2horizontes.com\/index.php?rest_route=%2Fwp%2Fv2%2Fmedia&parent=72183"}],"wp:term":[{"taxonomy":"category","embeddable":true,"href":"https:\/\/2horizontes.com\/index.php?rest_route=%2Fwp%2Fv2%2Fcategories&post=72183"},{"taxonomy":"post_tag","embeddable":true,"href":"https:\/\/2horizontes.com\/index.php?rest_route=%2Fwp%2Fv2%2Ftags&post=72183"}],"curies":[{"name":"wp","href":"https:\/\/api.w.org\/{rel}","templated":true}]}}