{"id":72170,"date":"2020-10-22T01:57:11","date_gmt":"2020-10-22T00:57:11","guid":{"rendered":"http:\/\/2horizontes.com\/?p=72170"},"modified":"2020-10-22T01:57:13","modified_gmt":"2020-10-22T00:57:13","slug":"presentan-estrategia-marca-pais-para-fortalecer-imagen-de-republica-dominicana","status":"publish","type":"post","link":"https:\/\/2horizontes.com\/?p=72170","title":{"rendered":"Presentan estrategia Marca Pa\u00eds para fortalecer imagen de Rep\u00fablica Dominicana"},"content":{"rendered":"\n<p>El Gobierno y el sector privado presentaron la estrategia \u201cMarca Pa\u00eds\u201d, que busca a trav\u00e9s de la la exportaci\u00f3n, la cultura, inversi\u00f3n y el turismo fortalecer la imagen de Rep\u00fablica Dominicana dentro y fuera del pa\u00eds.<\/p>\n\n\n\n<p>Con el eslogan \u201cRep\u00fablica Dominica, la Rep\u00fablica del Mundo\u201d, y el s\u00edmbolo \u201cRD\u201d en colores azul y rojo, el presidente Luis Abinader, asegur\u00f3 que a partir de este martes la Marca Pa\u00eds se convierte en una pol\u00edtica de Estado.<\/p>\n\n\n\n<p>\u201cNuestra Marca Pa\u00eds expresa y comunica lo que somos y nos ayudar\u00e1 a orientar nuestras acciones para convertirnos en lo que queremos ser en el futuro. Es por esto que a partir de hoy se&nbsp; convierte y formaliza en una pol\u00edtica de Estado\u00bb, indic\u00f3 el presidente.<\/p>\n\n\n\n<p>Expres\u00f3 que esta estrategia tiene un objetivo en com\u00fan, consolidar en todo el mundo lo que los dominicanos ya saben que \u201cRep\u00fablica Dominicana es m\u00e1s que un pa\u00eds\u201d.<\/p>\n\n\n\n<p>Abinader indic\u00f3 adem\u00e1s, que se pasar\u00e1 de la teor\u00eda a la pr\u00e1ctica, llevando acciones como pilar con la unificaci\u00f3n del sector p\u00fablico y el privado.<\/p>\n\n\n\n<p>Mientras que David Collado, ministro de Turismo y coordinador multisectorial Marca Pa\u00eds, asegur\u00f3 que esta estrategia no es m\u00e1s que el reflejo de un sentimiento, \u201ctantas cosas hermosas que tiene nuestro pa\u00eds, la bendici\u00f3n, la sonrisa de los dominicanos brindan a los turistas\u201d.<\/p>\n\n\n\n<p>La coordinadora multisectorial Marca Pa\u00eds y parte del sector empresarial, Ligia Bonetti indic\u00f3 que la Marca Pa\u00eds deber\u00e1 estar por encima de los intereses particulares.<\/p>\n\n\n\n<p>\u201cTrabajaremos sin descanso por el pa\u00eds que queremos dejar como legado para las futuras generaciones\u201d, indic\u00f3 Bonetti.<\/p>\n\n\n\n<p>El pasado 11 de septiembre, el Gobierno cre\u00f3 una Comisi\u00f3n Multisectorial para coordinar la elaboraci\u00f3n y ejecuci\u00f3n de estrategia que permitan nuevas oportunidades de negocios de inversi\u00f3n extranjera directa a trav\u00e9s de la Marca Pa\u00eds.<\/p>\n\n\n\n<p>Esta comisi\u00f3n tiene las atribuciones de&nbsp;investigar, analizar tendencias y percepciones&nbsp;para la toma de decisiones de nichos de oportunidad y estudios de competitividad local y regional, desarrollar&nbsp; material audiovisual y campa\u00f1a de marketing, construir alianzas estrat\u00e9gicas con actores claves que permitan incrementar las acciones de campa\u00f1as nacionales e internacionales.<\/p>\n\n\n\n<p>Asimismo, el dise\u00f1o y operaci\u00f3n de&nbsp;plan estrat\u00e9gico de Marca Pa\u00eds, asesor\u00eda con expertos, coordinaci\u00f3n intersectorial, gesti\u00f3n de prensa extranjera y manejo reputacional y coordinaci\u00f3n del licenciamiento de productos marca pa\u00eds.<\/p>\n\n\n\n<p>Los dem\u00e1s miembros del sector p\u00fablico que coordinan la estrategia son el ministro de Relaciones Exteriores (Mirex), Roberto \u00c1lvarez; el ministro de Industria, Comercio y MiPymes, Ito Bison\u00f3; ministra de Cultura, Carmen Heredia y la directora del Centro de Exportaci\u00f3n e Inversi\u00f3n (CEI-RD), Biviana Riveiro Disla.<\/p>\n\n\n\n<p>Los dem\u00e1s miembros del sector privado son Rafael Blanco Canto, Carlos Jos\u00e9 Mart\u00ed, Manuel Pozo Perell\u00f3, Paola Rinieri, Juan B. Vicini Lluberes, Pedro Brache \u00c1lvarez, H\u00e9ctor Jos\u00e9 Rizek, Fernando Capell\u00e1n, Cirse \u00c1lmanzar Melgen, Celso Jos\u00e9 Marranzini P\u00e9rez, Luciano Carrillo, Roberto Herrera, Eduardo Mart\u00ednez Lima y Edgar Rafael del Toro G\u00f3mez.<\/p>\n\n\n\n<p>Fuente: List\u00edn Diario.<\/p>\n","protected":false},"excerpt":{"rendered":"<p>El Gobierno y el sector privado presentaron la estrategia \u201cMarca Pa\u00eds\u201d, que busca a trav\u00e9s de la la exportaci\u00f3n, la cultura, inversi\u00f3n y el turismo fortalecer la imagen de Rep\u00fablica Dominicana dentro y fuera del pa\u00eds. Con el eslogan \u201cRep\u00fablica Dominica, la Rep\u00fablica del Mundo\u201d, y el s\u00edmbolo \u201cRD\u201d en colores azul y rojo, el [&hellip;]<\/p>\n","protected":false},"author":44079,"featured_media":72171,"comment_status":"open","ping_status":"open","sticky":false,"template":"","format":"standard","meta":{"footnotes":""},"categories":[40,44,64],"tags":[],"class_list":["post-72170","post","type-post","status-publish","format-standard","has-post-thumbnail","hentry","category-internacionales","category-republica-dominicana","category-turismo"],"_links":{"self":[{"href":"https:\/\/2horizontes.com\/index.php?rest_route=\/wp\/v2\/posts\/72170","targetHints":{"allow":["GET"]}}],"collection":[{"href":"https:\/\/2horizontes.com\/index.php?rest_route=\/wp\/v2\/posts"}],"about":[{"href":"https:\/\/2horizontes.com\/index.php?rest_route=\/wp\/v2\/types\/post"}],"author":[{"embeddable":true,"href":"https:\/\/2horizontes.com\/index.php?rest_route=\/wp\/v2\/users\/44079"}],"replies":[{"embeddable":true,"href":"https:\/\/2horizontes.com\/index.php?rest_route=%2Fwp%2Fv2%2Fcomments&post=72170"}],"version-history":[{"count":1,"href":"https:\/\/2horizontes.com\/index.php?rest_route=\/wp\/v2\/posts\/72170\/revisions"}],"predecessor-version":[{"id":72172,"href":"https:\/\/2horizontes.com\/index.php?rest_route=\/wp\/v2\/posts\/72170\/revisions\/72172"}],"wp:featuredmedia":[{"embeddable":true,"href":"https:\/\/2horizontes.com\/index.php?rest_route=\/wp\/v2\/media\/72171"}],"wp:attachment":[{"href":"https:\/\/2horizontes.com\/index.php?rest_route=%2Fwp%2Fv2%2Fmedia&parent=72170"}],"wp:term":[{"taxonomy":"category","embeddable":true,"href":"https:\/\/2horizontes.com\/index.php?rest_route=%2Fwp%2Fv2%2Fcategories&post=72170"},{"taxonomy":"post_tag","embeddable":true,"href":"https:\/\/2horizontes.com\/index.php?rest_route=%2Fwp%2Fv2%2Ftags&post=72170"}],"curies":[{"name":"wp","href":"https:\/\/api.w.org\/{rel}","templated":true}]}}