{"id":72128,"date":"2020-10-16T16:03:11","date_gmt":"2020-10-16T15:03:11","guid":{"rendered":"http:\/\/2horizontes.com\/?p=72128"},"modified":"2020-10-16T16:12:31","modified_gmt":"2020-10-16T15:12:31","slug":"denuncian-grupo-encabezado-por-regidor-del-prm-ocuparon-ilegalmente-area-protegida","status":"publish","type":"post","link":"https:\/\/2horizontes.com\/?p=72128","title":{"rendered":"Denuncian grupo encabezado por regidor del PRM ocuparon ilegalmente \u00e1rea protegida"},"content":{"rendered":"\n<p>El dirigente del partido Alianza Pa\u00eds, Fidelio Despradel, denunci\u00f3 este jueves que un grupo de personas, encabezados por un regidor del Partido Revolucionario Moderno (PRM), han ocupado ilegalmente una zona protegida en Las Am\u00e9ricas.<\/p>\n\n\n\n<p>Seg\u00fan Despradel estos ciudadanos, liderados por el concejal Antonio Infante, han sido depredadores de esta \u00e1rea, ubicada en Los Farallones, kil\u00f3metro 14 de la autopista Las Am\u00e9ricas, en Santo Domingo Este.<\/p>\n\n\n\n<p>Asimismo, afirm\u00f3 que se trata de un caso delicado, ya que en este lugar se yace un gran dep\u00f3sito de agua que nutre todo el municipio.<\/p>\n\n\n\n<p>\u201cOcuparon una zona protegida en Los Farallones, kil\u00f3metro 14 de la autopista, en un hecho grave porque no solamente es una ocupaci\u00f3n ilegal de una zona protegida, sino porque debajo de esos farallones est\u00e1 el gran dep\u00f3sito de agua que va a servir y sirve para el acueducto de Santo Domingo Este\u201d, explic\u00f3 el tambi\u00e9n exlegislador.<\/p>\n\n\n\n<p>Tambi\u00e9n asegur\u00f3 que inform\u00f3 a las autoridades pertinentes de esta acci\u00f3n, indicando que Manuel Jim\u00e9nez, s\u00edndico de Santo Domingo Este, ya sabe de la situaci\u00f3n al igual que el ministro de Medio Ambiente y Recursos Naturales, Orlando Jorge Mera.<\/p>\n\n\n\n<p>Sin embargo dijo que a pesar de que ambos est\u00e1n al tanto de la ocupaci\u00f3n ilegal, pero tras dos meses de esto no han tomado las medidas de lugar.<\/p>\n\n\n\n<p>Despradel asever\u00f3 que la depredaci\u00f3n de esta zona lleva mucho tiempo, y que durante la pasada administraci\u00f3n contaba con la \u201ccomplicidad\u201d de agentes policiales y funcionarios de Medio Ambiente.<\/p>\n\n\n\n<p>Igualmente se\u00f1al\u00f3 que estas personas pretenden levantar viviendas en ese terreno, lo que podr\u00eda conllevar resultados negativos para los habitantes de la referida localidad.<\/p>\n\n\n\n<p>\u201cInmediatamente empiecen a construir casuchas y envenenen el subsuelo, estar\u00e1n da\u00f1ando el agua que de donde se van a abastecer no solamente las generaciones actuales, sino los hijos de las generaciones actuales\u201d, expres\u00f3. <\/p>\n\n\n\n<p>Fuente: RT. &nbsp;&nbsp;<\/p>\n","protected":false},"excerpt":{"rendered":"<p>El dirigente del partido Alianza Pa\u00eds, Fidelio Despradel, denunci\u00f3 este jueves que un grupo de personas, encabezados por un regidor del Partido Revolucionario Moderno (PRM), han ocupado ilegalmente una zona protegida en Las Am\u00e9ricas. Seg\u00fan Despradel estos ciudadanos, liderados por el concejal Antonio Infante, han sido depredadores de esta \u00e1rea, ubicada en Los Farallones, kil\u00f3metro [&hellip;]<\/p>\n","protected":false},"author":1,"featured_media":72130,"comment_status":"open","ping_status":"open","sticky":false,"template":"","format":"standard","meta":{"footnotes":""},"categories":[1],"tags":[],"class_list":["post-72128","post","type-post","status-publish","format-standard","has-post-thumbnail","hentry","category-entretenimiento"],"_links":{"self":[{"href":"https:\/\/2horizontes.com\/index.php?rest_route=\/wp\/v2\/posts\/72128","targetHints":{"allow":["GET"]}}],"collection":[{"href":"https:\/\/2horizontes.com\/index.php?rest_route=\/wp\/v2\/posts"}],"about":[{"href":"https:\/\/2horizontes.com\/index.php?rest_route=\/wp\/v2\/types\/post"}],"author":[{"embeddable":true,"href":"https:\/\/2horizontes.com\/index.php?rest_route=\/wp\/v2\/users\/1"}],"replies":[{"embeddable":true,"href":"https:\/\/2horizontes.com\/index.php?rest_route=%2Fwp%2Fv2%2Fcomments&post=72128"}],"version-history":[{"count":2,"href":"https:\/\/2horizontes.com\/index.php?rest_route=\/wp\/v2\/posts\/72128\/revisions"}],"predecessor-version":[{"id":72131,"href":"https:\/\/2horizontes.com\/index.php?rest_route=\/wp\/v2\/posts\/72128\/revisions\/72131"}],"wp:featuredmedia":[{"embeddable":true,"href":"https:\/\/2horizontes.com\/index.php?rest_route=\/wp\/v2\/media\/72130"}],"wp:attachment":[{"href":"https:\/\/2horizontes.com\/index.php?rest_route=%2Fwp%2Fv2%2Fmedia&parent=72128"}],"wp:term":[{"taxonomy":"category","embeddable":true,"href":"https:\/\/2horizontes.com\/index.php?rest_route=%2Fwp%2Fv2%2Fcategories&post=72128"},{"taxonomy":"post_tag","embeddable":true,"href":"https:\/\/2horizontes.com\/index.php?rest_route=%2Fwp%2Fv2%2Ftags&post=72128"}],"curies":[{"name":"wp","href":"https:\/\/api.w.org\/{rel}","templated":true}]}}