{"id":72096,"date":"2020-10-14T16:22:31","date_gmt":"2020-10-14T15:22:31","guid":{"rendered":"http:\/\/2horizontes.com\/?p=72096"},"modified":"2020-10-14T16:29:40","modified_gmt":"2020-10-14T15:29:40","slug":"dominicano-fausto-pichardo-deja-jefatura-de-patrullas-de-policia-de-nueva-york-tras-desacuerdo-con-alcalde","status":"publish","type":"post","link":"https:\/\/2horizontes.com\/?p=72096","title":{"rendered":"Dominicano Fausto Pichardo deja jefatura de patrullas de polic\u00eda de Nueva York tras desacuerdo con alcalde"},"content":{"rendered":"\n<p>El dominicano Fausto Pichardo, quien se desempe\u00f1aba como jefe de patrullas del Departamento de Polic\u00eda de Nueva York renunci\u00f3 \u201csorpresivamente\u201d a su cargo durante el fin de semana y solicit\u00f3 su jubilaci\u00f3n, de acuerdo a lo reportado por varios medios estadounidenses.<\/p>\n\n\n\n<p>Seg\u00fan lo que publica el portal The New York Post, la renuncia de Pichardo se debe al mal manejo por parte del alcalde Bill de Basio con las protestas raciales y el encerramiento del de la ciudad neoyorkina por el brote de coronavirus (Covid-19).<\/p>\n\n\n\n<p>El Post reporta que Pichardo lleg\u00f3 a su \u201cpunto de quiebre\u201d despu\u00e9s de trabajar largas horas cubriendo las protestas contra los cierres de coronavirus impuestos por el estado en Borough Park la semana pasada, solo para ser reprendido por el alcalde despu\u00e9s.<\/p>\n\n\n\n<p>\u201cCuando lleg\u00f3 a casa despu\u00e9s de uno de los turnos, Pichardo se perdi\u00f3 una llamada del alcalde De Blasio, quien lo convoc\u00f3 al Ayuntamiento el viernes para reprenderlo por la supervisi\u00f3n, dijeron las fuentes\u201d, dice la publicaci\u00f3n del peri\u00f3dico neoyorkino.<\/p>\n\n\n\n<p>Pichardo, de 43 a\u00f1os de edad, naci\u00f3 en la ciudad de Santiago de los Caballeros y hab\u00eda sido designado en ese cargo en diciembre del pasado a\u00f1o. &nbsp;En ese momento se convert\u00eda en el dominicano con mayor rango dentro de NYPD, lo que le parece \u201ca\u00fan incre\u00edble\u201d.<\/p>\n\n\n\n<p>Fuente: List\u00edn Diario. <\/p>\n","protected":false},"excerpt":{"rendered":"<p>El dominicano Fausto Pichardo, quien se desempe\u00f1aba como jefe de patrullas del Departamento de Polic\u00eda de Nueva York renunci\u00f3 \u201csorpresivamente\u201d a su cargo durante el fin de semana y solicit\u00f3 su jubilaci\u00f3n, de acuerdo a lo reportado por varios medios estadounidenses. Seg\u00fan lo que publica el portal The New York Post, la renuncia de Pichardo [&hellip;]<\/p>\n","protected":false},"author":44079,"featured_media":72097,"comment_status":"open","ping_status":"open","sticky":false,"template":"","format":"standard","meta":{"footnotes":""},"categories":[40,44],"tags":[],"class_list":["post-72096","post","type-post","status-publish","format-standard","has-post-thumbnail","hentry","category-internacionales","category-republica-dominicana"],"_links":{"self":[{"href":"https:\/\/2horizontes.com\/index.php?rest_route=\/wp\/v2\/posts\/72096","targetHints":{"allow":["GET"]}}],"collection":[{"href":"https:\/\/2horizontes.com\/index.php?rest_route=\/wp\/v2\/posts"}],"about":[{"href":"https:\/\/2horizontes.com\/index.php?rest_route=\/wp\/v2\/types\/post"}],"author":[{"embeddable":true,"href":"https:\/\/2horizontes.com\/index.php?rest_route=\/wp\/v2\/users\/44079"}],"replies":[{"embeddable":true,"href":"https:\/\/2horizontes.com\/index.php?rest_route=%2Fwp%2Fv2%2Fcomments&post=72096"}],"version-history":[{"count":2,"href":"https:\/\/2horizontes.com\/index.php?rest_route=\/wp\/v2\/posts\/72096\/revisions"}],"predecessor-version":[{"id":72101,"href":"https:\/\/2horizontes.com\/index.php?rest_route=\/wp\/v2\/posts\/72096\/revisions\/72101"}],"wp:featuredmedia":[{"embeddable":true,"href":"https:\/\/2horizontes.com\/index.php?rest_route=\/wp\/v2\/media\/72097"}],"wp:attachment":[{"href":"https:\/\/2horizontes.com\/index.php?rest_route=%2Fwp%2Fv2%2Fmedia&parent=72096"}],"wp:term":[{"taxonomy":"category","embeddable":true,"href":"https:\/\/2horizontes.com\/index.php?rest_route=%2Fwp%2Fv2%2Fcategories&post=72096"},{"taxonomy":"post_tag","embeddable":true,"href":"https:\/\/2horizontes.com\/index.php?rest_route=%2Fwp%2Fv2%2Ftags&post=72096"}],"curies":[{"name":"wp","href":"https:\/\/api.w.org\/{rel}","templated":true}]}}