{"id":72093,"date":"2020-10-14T16:11:53","date_gmt":"2020-10-14T15:11:53","guid":{"rendered":"http:\/\/2horizontes.com\/?p=72093"},"modified":"2020-10-14T16:11:55","modified_gmt":"2020-10-14T15:11:55","slug":"espana-financiara-proyecto-de-agua-para-la-provincia-de-santiago-por-582000-euros","status":"publish","type":"post","link":"https:\/\/2horizontes.com\/?p=72093","title":{"rendered":"Espa\u00f1a financiar\u00e1 proyecto de agua para la provincia de Santiago por 582,000 euros"},"content":{"rendered":"\n<p>EFE.<\/p>\n\n\n\n<p>El Fondo de Cooperaci\u00f3n para Agua y Saneamiento (FCAS), fue creado en 2007 con el objetivo de financiar actuaciones tendentes a promover y mejorar el acceso de los ciudadanos de los pa\u00edses de Am\u00e9rica Latina a los servicios de agua y saneamiento, como parte de la pol\u00edtica de cooperaci\u00f3n internacional para el desarrollo.<\/p>\n\n\n\n<p>Seg\u00fan inform\u00f3 el Ejecutivo, se autoriz\u00f3 una aportaci\u00f3n de m\u00e1s de 3,276,000 euros a la municipalidad de Siguatepeque (Honduras) para la financiaci\u00f3n del programa de mejora de la gesti\u00f3n del recurso h\u00eddrico y mejora del servicio de agua potable y saneamiento en zonas periurbanas y rurales de la localidad.<\/p>\n\n\n\n<p>Tambi\u00e9n se aprob\u00f3 una aportaci\u00f3n de 700,000 euros a Acci\u00f3n Contra el Hambre Guatemala para la financiaci\u00f3n del programa \u00abFortalecimiento institucional y t\u00e9cnico en la prestaci\u00f3n del servicio de agua potable y saneamiento para mejorar la resiliencia en comunidades del municipio de Solol\u00e1, departamento de Solol\u00e1\u00bb.<\/p>\n\n\n\n<p>Otra aportaci\u00f3n es de 600,000 euros para el Ministerio de Relaciones Exteriores de El Salvador destinada a la financiaci\u00f3n del programa \u00abConstrucci\u00f3n de pol\u00edtica p\u00fablica que garantice la sostenibilidad del subsector de agua potable y saneamiento en el \u00e1rea rural-FASE II\u00bb.<\/p>\n\n\n\n<p><strong>En la Rep\u00fablica Dominicana, la contribuci\u00f3n es de 582,000 euros para la Corporaci\u00f3n del Acueducto y Alcantarillado de Santiago (Coraasan)<\/strong>&nbsp;para la financiaci\u00f3n del programa \u00abAsegurar el derecho humano al agua reduciendo la vulnerabilidad en el Distrito Municipal de Pedro Garc\u00eda, provincia de Santiago\u00bb.<\/p>\n\n\n\n<p>El Ejecutivo espa\u00f1ol acord\u00f3 tambi\u00e9n 500,000 euros para el gobierno aut\u00f3nomo descentralizado municipal del cant\u00f3n San Lorenzo del Pail\u00f3n (Ecuador) para la financiaci\u00f3n del programa \u00abAgua potable y saneamiento en comunidades rurales\u00bb de ese municipio frente a la crisis sanitaria de la covid-19.<\/p>\n\n\n\n<p>El fondo establece que la financiaci\u00f3n de los proyectos se realizar\u00e1 en r\u00e9gimen de cofinanciaci\u00f3n con los pa\u00edses beneficiarios y fija porcentajes de financiaci\u00f3n basados en criterios de nivel de desarrollo y necesidades de acceso a agua potable y saneamiento.<\/p>\n\n\n\n<p>En el caso de Honduras, el FCAS puede financiar hasta el 100 % de la propuesta con car\u00e1cter no reembolsable, mientras que en los dem\u00e1s pa\u00edses, el porcentaje de financiaci\u00f3n que asumir\u00e1 el Fondo ser\u00e1 hasta el 80 % del programa con car\u00e1cter no reembolsable y el beneficiario aportar\u00e1 el 20 % restante. E<\/p>\n","protected":false},"excerpt":{"rendered":"<p>EFE. El Fondo de Cooperaci\u00f3n para Agua y Saneamiento (FCAS), fue creado en 2007 con el objetivo de financiar actuaciones tendentes a promover y mejorar el acceso de los ciudadanos de los pa\u00edses de Am\u00e9rica Latina a los servicios de agua y saneamiento, como parte de la pol\u00edtica de cooperaci\u00f3n internacional para el desarrollo. Seg\u00fan [&hellip;]<\/p>\n","protected":false},"author":44079,"featured_media":72094,"comment_status":"open","ping_status":"open","sticky":false,"template":"","format":"standard","meta":{"footnotes":""},"categories":[85,40,44,45],"tags":[],"class_list":["post-72093","post","type-post","status-publish","format-standard","has-post-thumbnail","hentry","category-espana","category-internacionales","category-republica-dominicana","category-salud"],"_links":{"self":[{"href":"https:\/\/2horizontes.com\/index.php?rest_route=\/wp\/v2\/posts\/72093","targetHints":{"allow":["GET"]}}],"collection":[{"href":"https:\/\/2horizontes.com\/index.php?rest_route=\/wp\/v2\/posts"}],"about":[{"href":"https:\/\/2horizontes.com\/index.php?rest_route=\/wp\/v2\/types\/post"}],"author":[{"embeddable":true,"href":"https:\/\/2horizontes.com\/index.php?rest_route=\/wp\/v2\/users\/44079"}],"replies":[{"embeddable":true,"href":"https:\/\/2horizontes.com\/index.php?rest_route=%2Fwp%2Fv2%2Fcomments&post=72093"}],"version-history":[{"count":1,"href":"https:\/\/2horizontes.com\/index.php?rest_route=\/wp\/v2\/posts\/72093\/revisions"}],"predecessor-version":[{"id":72095,"href":"https:\/\/2horizontes.com\/index.php?rest_route=\/wp\/v2\/posts\/72093\/revisions\/72095"}],"wp:featuredmedia":[{"embeddable":true,"href":"https:\/\/2horizontes.com\/index.php?rest_route=\/wp\/v2\/media\/72094"}],"wp:attachment":[{"href":"https:\/\/2horizontes.com\/index.php?rest_route=%2Fwp%2Fv2%2Fmedia&parent=72093"}],"wp:term":[{"taxonomy":"category","embeddable":true,"href":"https:\/\/2horizontes.com\/index.php?rest_route=%2Fwp%2Fv2%2Fcategories&post=72093"},{"taxonomy":"post_tag","embeddable":true,"href":"https:\/\/2horizontes.com\/index.php?rest_route=%2Fwp%2Fv2%2Ftags&post=72093"}],"curies":[{"name":"wp","href":"https:\/\/api.w.org\/{rel}","templated":true}]}}