{"id":72070,"date":"2020-10-09T12:56:41","date_gmt":"2020-10-09T11:56:41","guid":{"rendered":"http:\/\/2horizontes.com\/?p=72070"},"modified":"2020-10-09T12:56:43","modified_gmt":"2020-10-09T11:56:43","slug":"presidente-abinader-anuncia-no-habra-nuevos-impuestos","status":"publish","type":"post","link":"https:\/\/2horizontes.com\/?p=72070","title":{"rendered":"Presidente Abinader anuncia no habr\u00e1 nuevos impuestos"},"content":{"rendered":"\n<p>El Presidente de la Rep\u00fablica Luis Abinader Corona anunci\u00f3 esta noche que el Gobierno retirar\u00e1 todos los nuevos impuestos propuestos para discusi\u00f3n, y enviar\u00e1 al Congreso Nacional un adenda al presupuesto presentado para el 2021, \u201ca\u00f1o en el que no tendremos nuevos impuestos\u201d.<\/p>\n\n\n\n<p>En un discurso dirigido al pa\u00eds por una cadena de radio y televisi\u00f3n, el jefe del Estado hizo un recuento de la calamitosa situaci\u00f3n que encontr\u00f3 hace 55 d\u00edas al juramentarse como Jefe del Estado, por el desastre econ\u00f3mico y la corrupci\u00f3n que caracteriz\u00f3 el gobierno del Partido de la Liberaci\u00f3n Dominicana, y la ca\u00edda de un 8.4% de la econom\u00eda por la par\u00e1lisis productiva en los primeros 8 meses creada por los efectos de pandemia.<\/p>\n\n\n\n<p>El mandatario inform\u00f3 &nbsp;que ha sido posible descartar los nuevos grav\u00e1menes porque este mi\u00e9rcoles, el gobierno logr\u00f3 un acuerdo con el sector financiero y la empresa minera Barrick Gold, \u201cpara recibir adelantos de sus compromisos con el Estado que nos permitir\u00e1 disponer de los recursos equivalentes a las nuevas medidas impositivas propuestas en el proyecto de ley de presupuestos\u201d.<\/p>\n\n\n\n<p>Record\u00f3 que&nbsp; la econom\u00eda \u201cha sufrido una importante crisis, pero la pandemia no es la \u00fanica culpable. El pa\u00eds no olvida que durante muchos a\u00f1os el gobierno fue un instrumento de una corporaci\u00f3n partidaria dedicada a convertir el patrimonio p\u00fablico en patrimonio privado. Entre patria y patrimonio, eligieron patrimonio\u201d, dijo.<\/p>\n\n\n\n<p>INFRAESTRUCTURA Y M\u00c1S GASTO SOCIAL<\/p>\n\n\n\n<p>En su&nbsp; alocuci\u00f3n Abinader explic\u00f3 el enfoque del presupuesto de Estado para el 2021 y dijo que el grueso del gasto en proyectos de inversi\u00f3n se concentrar\u00e1 en el mejoramiento de la red vial urbana e interurbana, con la finalidad de facilitar el transporte de personas y de cargas, lo que resulta fundamental para catalizar la inversi\u00f3n privada, tan necesaria en esta \u00e9poca de crisis y fundamental para la recuperaci\u00f3n.&#8211; publicidad &#8212;&nbsp;<ins><\/ins><\/p>\n\n\n\n<p>En los programas sociales, destac\u00f3, se prev\u00e9 un gasto de m\u00e1s de $25 mil Millones. La asignaci\u00f3n para las familias en \u201cComer Es Primero\u201d, se aumentar\u00e1 de 825 a 1650 pesos, honrando su promesa de la Tarjeta La Doble, con el objetivo de favorecer a los hogares m\u00e1s necesitados aumentando la cobertura de 800 mil beneficiarios a 1 mill\u00f3n con respecto al inicio de la pandemia.<\/p>\n\n\n\n<p>Asegur\u00f3 que la inversi\u00f3n social y los programas de desarrollo de infraestructura se har\u00e1n \u201cmanteniendo el rigor presupuestario, reduciendo el d\u00e9ficit y controlando la deuda. Ya les puedo decir que, desde el 16 de agosto hasta la fecha, el d\u00e9ficit se ha reducido en $19.000 millones.<\/p>\n\n\n\n<p>Afirm\u00f3 que el proyecto de presupuesto \u201creafirma el compromiso del gobierno con la eliminaci\u00f3n gradual y continua del d\u00e9ficit fiscal, que permitir\u00e1 en un plazo prudente tener un equilibrio en las finanzas p\u00fablicas y reducir el peso del servicio de la deuda sobre los ingresos tributarios, para poder garantizar la asignaci\u00f3n de recursos p\u00fablicos en \u00e1reas prioritarias que permitan mejorar la calidad de vida de la poblaci\u00f3n en un contexto de sostenibilidad fiscal\u201d.<\/p>\n\n\n\n<p>Como Presidente de la Rep\u00fablica, dijo, \u201cquiero asegurar a la sociedad dominicana que si seguimos estos planes y abordamos y aprobamos el pacto fiscal y energ\u00e9tico, saldremos adelante. Y tambi\u00e9n quiero asegurar al pueblo Dominicano que estamos dando los pasos necesarios para superar esta coyuntura econ\u00f3mica dif\u00edcil y recuperar el crecimiento y el empleo\u201d.<\/p>\n\n\n\n<p>Lo haremos, plante\u00f3 Abinader, &nbsp;tratando de no sacrificar a la poblaci\u00f3n. Por eso, estamos realizando un profundo esfuerzo de reducci\u00f3n de gastos revisando partida por partida\u201d.<\/p>\n\n\n\n<p>Destac\u00f3 que la ley de Estrategia Nacional de Desarrollo exige un pacto el\u00e9ctrico y un pacto fiscal que debieron realizarse hace 7 a\u00f1os; y es \u201curgente y necesario, ante la situaci\u00f3n actual, cumplir con esa ley y comenzar a discutirlos ahora\u201d.<\/p>\n\n\n\n<p>El Presidente anunci\u00f3 que para trabajar en estas urgencias est\u00e1 convocando al Consejo Econ\u00f3mico y Social para que empiece la discusi\u00f3n de ambos pactos a partir del 26 de octubre pr\u00f3ximo y que, en un plazo no mayor de 6 meses, despu\u00e9s de concluidos y consensuados, sean convertidos en reformas aplicables en el 2022.<\/p>\n\n\n\n<p>Abinader advirti\u00f3 que estos pactos \u201cson esenciales para la sostenibilidad de las finanzas p\u00fablicas y poder, entre todos, decidir el pa\u00eds que queremos\u201d, y asegur\u00f3 que recuperaremos \u201cla capacidad de crecimiento econ\u00f3mico, pero ahora con calidad del gasto p\u00fablico, transparencia y honestidad\u201d, y\u00a0 esto \u201cpermitir\u00e1 reducir la pobreza, combatir la desigualdad y generar un verdadero desarrollo humano\u201d.<\/p>\n\n\n\n<p>Fuente: El D\u00eda. <\/p>\n","protected":false},"excerpt":{"rendered":"<p>El Presidente de la Rep\u00fablica Luis Abinader Corona anunci\u00f3 esta noche que el Gobierno retirar\u00e1 todos los nuevos impuestos propuestos para discusi\u00f3n, y enviar\u00e1 al Congreso Nacional un adenda al presupuesto presentado para el 2021, \u201ca\u00f1o en el que no tendremos nuevos impuestos\u201d. En un discurso dirigido al pa\u00eds por una cadena de radio y [&hellip;]<\/p>\n","protected":false},"author":44079,"featured_media":72071,"comment_status":"open","ping_status":"open","sticky":false,"template":"","format":"standard","meta":{"footnotes":""},"categories":[63,44],"tags":[],"class_list":["post-72070","post","type-post","status-publish","format-standard","has-post-thumbnail","hentry","category-economia","category-republica-dominicana"],"_links":{"self":[{"href":"https:\/\/2horizontes.com\/index.php?rest_route=\/wp\/v2\/posts\/72070","targetHints":{"allow":["GET"]}}],"collection":[{"href":"https:\/\/2horizontes.com\/index.php?rest_route=\/wp\/v2\/posts"}],"about":[{"href":"https:\/\/2horizontes.com\/index.php?rest_route=\/wp\/v2\/types\/post"}],"author":[{"embeddable":true,"href":"https:\/\/2horizontes.com\/index.php?rest_route=\/wp\/v2\/users\/44079"}],"replies":[{"embeddable":true,"href":"https:\/\/2horizontes.com\/index.php?rest_route=%2Fwp%2Fv2%2Fcomments&post=72070"}],"version-history":[{"count":1,"href":"https:\/\/2horizontes.com\/index.php?rest_route=\/wp\/v2\/posts\/72070\/revisions"}],"predecessor-version":[{"id":72072,"href":"https:\/\/2horizontes.com\/index.php?rest_route=\/wp\/v2\/posts\/72070\/revisions\/72072"}],"wp:featuredmedia":[{"embeddable":true,"href":"https:\/\/2horizontes.com\/index.php?rest_route=\/wp\/v2\/media\/72071"}],"wp:attachment":[{"href":"https:\/\/2horizontes.com\/index.php?rest_route=%2Fwp%2Fv2%2Fmedia&parent=72070"}],"wp:term":[{"taxonomy":"category","embeddable":true,"href":"https:\/\/2horizontes.com\/index.php?rest_route=%2Fwp%2Fv2%2Fcategories&post=72070"},{"taxonomy":"post_tag","embeddable":true,"href":"https:\/\/2horizontes.com\/index.php?rest_route=%2Fwp%2Fv2%2Ftags&post=72070"}],"curies":[{"name":"wp","href":"https:\/\/api.w.org\/{rel}","templated":true}]}}