{"id":72054,"date":"2020-10-09T12:07:13","date_gmt":"2020-10-09T11:07:13","guid":{"rendered":"http:\/\/2horizontes.com\/?p=72054"},"modified":"2020-10-09T12:26:14","modified_gmt":"2020-10-09T11:26:14","slug":"el-gobierno-decreta-el-estado-de-alarma-tras-la-negativa-de-ayuso-a-cerrar-madrid","status":"publish","type":"post","link":"https:\/\/2horizontes.com\/?p=72054","title":{"rendered":"Espa\u00f1a: El Gobierno decreta el estado de alarma tras la negativa de Ayuso a cerrar Madrid"},"content":{"rendered":"\n<p>El Gobierno ha apretado el bot\u00f3n rojo. La negativa de la presidenta madrile\u00f1a&nbsp;<strong>Isabel D\u00edaz Ayuso<\/strong>&nbsp;a consensuar una f\u00f3rmula legal para mantener el&nbsp;<strong>confinamiento perimetral<\/strong>&nbsp;en Madrid, a pesar del intento de mediaci\u00f3n de su vicepresidente<strong>&nbsp;Ignacio Aguado<\/strong>, ha llevado al Consejo de Ministros a&nbsp;<a href=\"https:\/\/www.elconfidencial.com\/espana\/2020-10-08\/sanchez-consejo-ministros-estado-alarma-en-madrid_2782243\/\">cumplir con su ultim\u00e1tum y decretar el estado de alarma<\/a>&nbsp;en la capital. La medida entrar\u00e1 en vigor de forma inmediata, despu\u00e9s de la publicaci\u00f3n del decreto en el BOE prevista para las 15:00 horas de este viernes, con restricciones para la entrada y salida de la capital sin causa justificada. Las mismas que las aplicadas hasta ahora y que nada tienen que ver con las decretadas el pasado mes de marzo.<\/p>\n\n\n\n<p>Una medida extraordinaria que adem\u00e1s se ha tomado en un contexto an\u00f3malo, con la ausencia de<strong>&nbsp;Pedro S\u00e1nchez<\/strong>, de visita oficial en Barcelona junto a Felipe VI, en una ciudad blindada policialmente por las protestas contra el monarca. Ante la ausencia de S\u00e1nchez, el Consejo de Ministros ha sido presidido por la vicepresidenta primera&nbsp;<strong>Carmen Calvo<\/strong>. La decisi\u00f3n se ha tomado&nbsp;<strong>de forma expr\u00e9s<\/strong>, en un Consejo de Ministros que apenas ha durado media hora. El objetivo, evitar la salida de los madrile\u00f1os hacia otras comunidades coincidiendo con el puente por el d\u00eda de la hispanidad.<\/p>\n\n\n\n<p>A esta anomal\u00eda se suma un choque de trenes institucional en varios niveles. Adem\u00e1s de la creciente&nbsp;<strong>divisi\u00f3n dentro del Ejecutivo madrile\u00f1o&nbsp;<\/strong>de coalici\u00f3n entre PP y Ciudadanos, con el acelerador de la presi\u00f3n de sus socios de investidura, Vox, para que se convoquen elecciones y se plante cara con movilizaciones en la calle al estado de alarma.<\/p>\n\n\n\n<p><strong>\u00abSi Aguado sigue dudando d\u00f3nde est\u00e1 es mejor ir a elecciones\u00bb<\/strong>, aseguraba esta ma\u00f1ana la portavoz de la formaci\u00f3n de derecha radical en la Asamblea de Madrid,&nbsp;<strong>Roc\u00edo Monasterio<\/strong>. El vicepresidente quer\u00eda acordar con Moncloa una&nbsp;<strong>orden similar a la anulada por el TSJM,&nbsp;<\/strong>pero sustentada en una base legal distinta en l\u00ednea con lo planteado por S\u00e1nchez. Sin embargo, se top\u00f3 de frente con el rechazo de sus socios de Gobierno, que han defendido rebajar las medidas impuestas por la Orden del Ministerio de Sanidad y retomar las restricciones anteriores, que limitaban la movilidad en determinadas \u00e1reas sanitarias en funci\u00f3n de la incidencia de la enfermedad. Un confinamiento selectivo por zonas b\u00e1sicas de salud.<\/p>\n\n\n\n<p>El alcalde de la capital y portavoz nacional del PP,&nbsp;<strong>Jos\u00e9 Luis Mart\u00ednez-Almeida<\/strong>, aseguraba antes incluso de que concluyese el Consejo de Ministros que&nbsp;<strong>\u00abla medida no est\u00e1 justificada\u00bb<\/strong>. La propuesta de la Comunidad, comunicada por el consejero de Sanidad<strong>&nbsp;Enrique Ruiz Escudero<\/strong>, pasa por seguir con los&nbsp;<strong>confinamientos selectivos<\/strong>, en lugar de extender las restricciones a toda la ciudad. Un criterio, seg\u00fan concluy\u00f3, \u00abm\u00e1s quir\u00fargico\u00bb y que se trata \u00abde un plan que funciona\u00bb. Antes del anuncio, en el que el consejero madrile\u00f1o defendi\u00f3 una mejora de las cifras, tanto de contagios como hospitalarios, se produjo una llamada de Ayuso a S\u00e1nchez. La presidenta madrile\u00f1a le traslad\u00f3 su posici\u00f3n, rechazando el cierre completo de la ciudad y el presidente le adelant\u00f3 la decisi\u00f3n de decretar el estado de alarma sin acuerdo.PUBLICIDAD<\/p>\n\n\n\n<figure><iframe><\/iframe><\/figure>\n\n\n\n<p><a href=\"https:\/\/hp.teads.com\/?utm_source=inread&amp;utm_medium=credits&amp;utm_campaign=invented%20by%20teads\" rel=\"noreferrer noopener\" target=\"_blank\">Ads by&nbsp;Teads<\/a><\/p>\n\n\n\n<figure><iframe><\/iframe><\/figure>\n\n\n\n<p>La \u00abpreocupante\u00bb evoluci\u00f3n de las cifras de contagios, el&nbsp;<strong>riesgo para la expansi\u00f3n del virus debido al puente del 12-O<\/strong>&nbsp;y la incapacidad para consensuar salidas coordinadas han sido los factores que han precipitado la decisi\u00f3n, despu\u00e9s de que el TSJM levantase las medidas que la Comunidad de Madrid se vio obligada a aplicar respecto de una orden del ministro de Sanidad,&nbsp;<strong>Salvador Illa<\/strong>, por la que se impuso el cierre en Madrid capital y otras ciudades madrile\u00f1as.<\/p>\n\n\n\n<p>El presidente del Gobierno llam\u00f3 anoche a la presidenta de la Comunidad de Madrid con el fin de ofrecerle tres alternativas legales para mantener las medidas previstas en la orden revocada este jueves por el Tribunal Superior de Justicia de Madrid. El resultado ser\u00eda siempre el mismo, el&nbsp;<strong>confinamiento perimetral de toda la capital<\/strong>, y solamente variar\u00eda el instrumento legal.<\/p>\n\n\n\n<p>La primera opci\u00f3n era que la&nbsp;<a href=\"https:\/\/www.elconfidencial.com\/tags\/organismos\/comunidad-de-madrid-3907\/\">Comunidad de Madrid<\/a>, como autoridad competente en materia sanitaria, dicte una orden de medidas especiales en materia de salud p\u00fablica. La segunda, que fuese la propia CAM quien solicite la declaraci\u00f3n del estado de alarma para que sea el Gobierno de Espa\u00f1a conjuntamente con la Comunidad de Madrid quien lo declare y ratifique las medidas en cuesti\u00f3n. La \u00faltima, y la que finalmente se ha adoptado, era que el Gobierno del Estado fuese quien declarase el estado de alarma, sin necesidad de que se formule previamente una solicitud.<\/p>\n\n\n\n<p>Hasta ese momento, el presidente del Gobierno, de visita oficial en la capital de Argel, hab\u00eda insistido en apostar por la \u00abm\u00e1xima colaboraci\u00f3n\u00bb y en buscar un punto de encuentro respetando las competencias auton\u00f3micas. Otras comunidades,&nbsp;<a href=\"https:\/\/www.elconfidencial.com\/espana\/2020-10-05\/gobierno-castilla-confina-leon-palencia-aumento-contagios-casos-coronavirus_2775155\/\">como es el caso de Castilla<\/a>&nbsp;y Le\u00f3n o Galicia, ya hab\u00edan aplicado confinamientos perimetrales en grandes ciudades \u2014Ourense, Le\u00f3n o Palencia\u2014, aun&nbsp;<a href=\"https:\/\/www.elconfidencial.com\/mundo\/europa\/2020-10-08\/francia-medidas-coronavirus-peor-primavera_2780203\/\">con cifras menos alarmantes que las de Madrid<\/a>.<\/p>\n\n\n\n<p>Una vez que se conoci\u00f3 el anuncio del Gobierno, comenz\u00f3 la presi\u00f3n a Ayuso desde Vox para que rechazase la opci\u00f3n del estado de alarma. Su objetivo, forzar que la presidenta madrile\u00f1a convoque elecciones anticipadas y propiciar un cambio de alianzas en el Gobierno madrile\u00f1o, por la divisi\u00f3n generada con el vicepresidente de Ciudadanos, Ignacio Aguado. El presidente de Vox, Santiago Abascal, ya ha anunciado movilizaciones para el pr\u00f3ximo lunes. A principios de esta semana, G\u00e9nova rechaz\u00f3 la opci\u00f3n de un adelanto electoral y defendi\u00f3 la alianza con Cs en Madrid.<\/p>\n\n\n\n<p>Fuente: El Confidencial. <\/p>\n","protected":false},"excerpt":{"rendered":"<p>El Gobierno ha apretado el bot\u00f3n rojo. La negativa de la presidenta madrile\u00f1a&nbsp;Isabel D\u00edaz Ayuso&nbsp;a consensuar una f\u00f3rmula legal para mantener el&nbsp;confinamiento perimetral&nbsp;en Madrid, a pesar del intento de mediaci\u00f3n de su vicepresidente&nbsp;Ignacio Aguado, ha llevado al Consejo de Ministros a&nbsp;cumplir con su ultim\u00e1tum y decretar el estado de alarma&nbsp;en la capital. La medida entrar\u00e1 [&hellip;]<\/p>\n","protected":false},"author":44079,"featured_media":72055,"comment_status":"open","ping_status":"open","sticky":false,"template":"","format":"standard","meta":{"footnotes":""},"categories":[85,45],"tags":[],"class_list":["post-72054","post","type-post","status-publish","format-standard","has-post-thumbnail","hentry","category-espana","category-salud"],"_links":{"self":[{"href":"https:\/\/2horizontes.com\/index.php?rest_route=\/wp\/v2\/posts\/72054","targetHints":{"allow":["GET"]}}],"collection":[{"href":"https:\/\/2horizontes.com\/index.php?rest_route=\/wp\/v2\/posts"}],"about":[{"href":"https:\/\/2horizontes.com\/index.php?rest_route=\/wp\/v2\/types\/post"}],"author":[{"embeddable":true,"href":"https:\/\/2horizontes.com\/index.php?rest_route=\/wp\/v2\/users\/44079"}],"replies":[{"embeddable":true,"href":"https:\/\/2horizontes.com\/index.php?rest_route=%2Fwp%2Fv2%2Fcomments&post=72054"}],"version-history":[{"count":2,"href":"https:\/\/2horizontes.com\/index.php?rest_route=\/wp\/v2\/posts\/72054\/revisions"}],"predecessor-version":[{"id":72057,"href":"https:\/\/2horizontes.com\/index.php?rest_route=\/wp\/v2\/posts\/72054\/revisions\/72057"}],"wp:featuredmedia":[{"embeddable":true,"href":"https:\/\/2horizontes.com\/index.php?rest_route=\/wp\/v2\/media\/72055"}],"wp:attachment":[{"href":"https:\/\/2horizontes.com\/index.php?rest_route=%2Fwp%2Fv2%2Fmedia&parent=72054"}],"wp:term":[{"taxonomy":"category","embeddable":true,"href":"https:\/\/2horizontes.com\/index.php?rest_route=%2Fwp%2Fv2%2Fcategories&post=72054"},{"taxonomy":"post_tag","embeddable":true,"href":"https:\/\/2horizontes.com\/index.php?rest_route=%2Fwp%2Fv2%2Ftags&post=72054"}],"curies":[{"name":"wp","href":"https:\/\/api.w.org\/{rel}","templated":true}]}}