{"id":72028,"date":"2020-10-06T21:02:06","date_gmt":"2020-10-06T20:02:06","guid":{"rendered":"http:\/\/2horizontes.com\/?p=72028"},"modified":"2020-10-06T21:02:07","modified_gmt":"2020-10-06T20:02:07","slug":"al-menos-17-turistas-heridos-en-accidente-de-transito-en-samana","status":"publish","type":"post","link":"https:\/\/2horizontes.com\/?p=72028","title":{"rendered":"Al menos 17 turistas heridos en accidente de tr\u00e1nsito en Saman\u00e1"},"content":{"rendered":"\n<p>Al menos 17 personas resultaron heridas cuando un autob\u00fas de turistas se accident\u00f3 por el tramo carretero Batey La Hormiga- Majagual, en el municipio de S\u00e1nchez, Saman\u00e1.<\/p>\n\n\n\n<p>Los heridos fueron atendidos por el Sistema Nacional de Atenci\u00f3n a Emergencia y Seguridad 9-1-1, y trasladados al hospital Alberto Gautreaux, de S\u00e1nchez, y al de Santa B\u00e1rbara, del municipio cabecera.<\/p>\n\n\n\n<p>De acuerdo a reportes preliminares, el autob\u00fas, marca Mitsubishi, color blanco y con placa de exhibici\u00f3n, era conducido por el se\u00f1or Ram\u00f3n Encarnaci\u00f3n.<\/p>\n\n\n\n<p>La mayor\u00eda de los turistas es de nacionalidad venezolana y participaba en una excursi\u00f3n hacia el Salto del Lim\u00f3n, en Saman\u00e1. Las causas del accidente aun no ha sido determinada por las autoridades.<\/p>\n\n\n\n<p>Fuente:  List\u00edn Diario. <\/p>\n","protected":false},"excerpt":{"rendered":"<p>Al menos 17 personas resultaron heridas cuando un autob\u00fas de turistas se accident\u00f3 por el tramo carretero Batey La Hormiga- Majagual, en el municipio de S\u00e1nchez, Saman\u00e1. Los heridos fueron atendidos por el Sistema Nacional de Atenci\u00f3n a Emergencia y Seguridad 9-1-1, y trasladados al hospital Alberto Gautreaux, de S\u00e1nchez, y al de Santa B\u00e1rbara, [&hellip;]<\/p>\n","protected":false},"author":44079,"featured_media":72029,"comment_status":"open","ping_status":"open","sticky":false,"template":"","format":"standard","meta":{"footnotes":""},"categories":[44,64],"tags":[],"class_list":["post-72028","post","type-post","status-publish","format-standard","has-post-thumbnail","hentry","category-republica-dominicana","category-turismo"],"_links":{"self":[{"href":"https:\/\/2horizontes.com\/index.php?rest_route=\/wp\/v2\/posts\/72028","targetHints":{"allow":["GET"]}}],"collection":[{"href":"https:\/\/2horizontes.com\/index.php?rest_route=\/wp\/v2\/posts"}],"about":[{"href":"https:\/\/2horizontes.com\/index.php?rest_route=\/wp\/v2\/types\/post"}],"author":[{"embeddable":true,"href":"https:\/\/2horizontes.com\/index.php?rest_route=\/wp\/v2\/users\/44079"}],"replies":[{"embeddable":true,"href":"https:\/\/2horizontes.com\/index.php?rest_route=%2Fwp%2Fv2%2Fcomments&post=72028"}],"version-history":[{"count":1,"href":"https:\/\/2horizontes.com\/index.php?rest_route=\/wp\/v2\/posts\/72028\/revisions"}],"predecessor-version":[{"id":72030,"href":"https:\/\/2horizontes.com\/index.php?rest_route=\/wp\/v2\/posts\/72028\/revisions\/72030"}],"wp:featuredmedia":[{"embeddable":true,"href":"https:\/\/2horizontes.com\/index.php?rest_route=\/wp\/v2\/media\/72029"}],"wp:attachment":[{"href":"https:\/\/2horizontes.com\/index.php?rest_route=%2Fwp%2Fv2%2Fmedia&parent=72028"}],"wp:term":[{"taxonomy":"category","embeddable":true,"href":"https:\/\/2horizontes.com\/index.php?rest_route=%2Fwp%2Fv2%2Fcategories&post=72028"},{"taxonomy":"post_tag","embeddable":true,"href":"https:\/\/2horizontes.com\/index.php?rest_route=%2Fwp%2Fv2%2Ftags&post=72028"}],"curies":[{"name":"wp","href":"https:\/\/api.w.org\/{rel}","templated":true}]}}