{"id":72013,"date":"2020-10-05T18:01:37","date_gmt":"2020-10-05T17:01:37","guid":{"rendered":"http:\/\/2horizontes.com\/?p=72013"},"modified":"2020-10-05T18:01:39","modified_gmt":"2020-10-05T17:01:39","slug":"canciller-alvarez-la-inestabilidad-en-haiti-amenaza-la-de-republica-dominicana","status":"publish","type":"post","link":"https:\/\/2horizontes.com\/?p=72013","title":{"rendered":"Canciller \u00c1lvarez: \u00abLa inestabilidad en Hait\u00ed amenaza la de Rep\u00fablica Dominicana\u00bb"},"content":{"rendered":"\n<p>El Gobierno de Rep\u00fablica Dominicana se\u00f1al\u00f3 hoy que la inestabilidad pol\u00edtica y social que vive su vecino Hait\u00ed se constituye en una amenaza en su contra.<\/p>\n\n\n\n<p>\u00abLa inestabilidad en Hait\u00ed amenaza la de Rep\u00fablica Dominicana\u00bb, dijo esta ma\u00f1ana el canciller Roberto \u00c1lvarez, ante el Consejo de las Naciones Unidas, que conoci\u00f3 un informe especial por la crisis que atraviesa esa naci\u00f3n.<\/p>\n\n\n\n<p>hizo un llamado a la comunidad internacional a proveer al pueblo haitiano la ayuda humanitaria que tanto requiere, as\u00ed como brindar los recursos necesarios para poder invertir en infraestructuras y en la creaci\u00f3n de empleos.<\/p>\n\n\n\n<p>El canciller dominicano, Roberto \u00c1lvarez, dijo que su pa\u00eds est\u00e1 sumamente preocupado por la profunda crisis social, econ\u00f3mica, sanitaria y pol\u00edtica que se vive en su vecino haitiano.<\/p>\n\n\n\n<p>El canciller dominicano se\u00f1al\u00f3 que la frontera compartida por la Rep\u00fablica Dominicana y Hait\u00ed implica que los procesos pol\u00edticos, sociales, sanitarios y econ\u00f3micos de cada pa\u00eds, impactan significativamente en el otro.<\/p>\n\n\n\n<p>\u201cLa buena vecindad entre los dos pa\u00edses no puede nunca perjudicar el principio de cumplimiento estricto de la legalidad dominicana e internacional\u201d, se\u00f1al\u00f3 el diplom\u00e1tico.<\/p>\n\n\n\n<p>Destac\u00f3 el estancamiento en la organizaci\u00f3n de las elecciones legislativas y la falta de consenso sobre una agenda pol\u00edtica com\u00fan que permita romper los impases y definir un nuevo ciclo electoral que la encamine por un sendero de estabilidad duradero.<\/p>\n\n\n\n<p>\u201cPor ello exhortamos a la comunidad internacional a tomar un papel m\u00e1s activo en la organizaci\u00f3n de este proceso y a extender el mandato de la BINUH, dot\u00e1ndola, adem\u00e1s, de los recursos necesarios para su correcto funcionamiento. La BINUH debe facilitar un pacto pol\u00edtico amplio en Hait\u00ed que garantice la celebraci\u00f3n de las elecciones legislativas, que es la tarea m\u00e1s urgente\u201d, dijo \u00c1lvarez ante el Consejo de Seguridad de Naciones Unidas.<\/p>\n\n\n\n<p>El canciller dominicano dijo que el bienestar y el futuro de los pueblos est\u00e1n en manos de sus ciudadanos, por lo que la comunidad internacional \u201ca pesar de ser un soporte adicional y fundamental\u201d, no puede generar los cambios necesarios en Hait\u00ed por s\u00ed sola.<\/p>\n\n\n\n<p>Por esa raz\u00f3n consider\u00f3 que es imprescindible la participaci\u00f3n activa de la sociedad civil y el liderazgo pol\u00edtico haitiano, incluyendo a la di\u00e1spora de ese pa\u00eds.<\/p>\n\n\n\n\n\n<p><ins><\/ins><\/p>\n\n\n\n<p>Por otro lado \u00c1lvarez reconoci\u00f3 los esfuerzos realizados por el gobierno haitiano para contrarrestar los efectos de la pandemia del Covid-19 en su pa\u00eds bajo el liderazgo de su Comisi\u00f3n Multisectorial COVID-19.<\/p>\n\n\n\n<p>En la reuni\u00f3n del Consejo de Seguridad se conoci\u00f3 el informe sobre Hait\u00ed, presentado por Helen La Lime, Representante del Secretario General, Ant\u00f3nio Guterres, en el que detall\u00f3 que la situaci\u00f3n pol\u00edtica, social y econ\u00f3mica de esa naci\u00f3n contin\u00faa afectada y empeorada por la pandemia.<\/p>\n\n\n\n<p>Fuente: List\u00edn Diario. <\/p>\n","protected":false},"excerpt":{"rendered":"<p>El Gobierno de Rep\u00fablica Dominicana se\u00f1al\u00f3 hoy que la inestabilidad pol\u00edtica y social que vive su vecino Hait\u00ed se constituye en una amenaza en su contra. \u00abLa inestabilidad en Hait\u00ed amenaza la de Rep\u00fablica Dominicana\u00bb, dijo esta ma\u00f1ana el canciller Roberto \u00c1lvarez, ante el Consejo de las Naciones Unidas, que conoci\u00f3 un informe especial por [&hellip;]<\/p>\n","protected":false},"author":44079,"featured_media":71891,"comment_status":"open","ping_status":"open","sticky":false,"template":"","format":"standard","meta":{"footnotes":""},"categories":[63,47,40,43,44],"tags":[],"class_list":["post-72013","post","type-post","status-publish","format-standard","has-post-thumbnail","hentry","category-economia","category-haiti","category-internacionales","category-politica","category-republica-dominicana"],"_links":{"self":[{"href":"https:\/\/2horizontes.com\/index.php?rest_route=\/wp\/v2\/posts\/72013","targetHints":{"allow":["GET"]}}],"collection":[{"href":"https:\/\/2horizontes.com\/index.php?rest_route=\/wp\/v2\/posts"}],"about":[{"href":"https:\/\/2horizontes.com\/index.php?rest_route=\/wp\/v2\/types\/post"}],"author":[{"embeddable":true,"href":"https:\/\/2horizontes.com\/index.php?rest_route=\/wp\/v2\/users\/44079"}],"replies":[{"embeddable":true,"href":"https:\/\/2horizontes.com\/index.php?rest_route=%2Fwp%2Fv2%2Fcomments&post=72013"}],"version-history":[{"count":1,"href":"https:\/\/2horizontes.com\/index.php?rest_route=\/wp\/v2\/posts\/72013\/revisions"}],"predecessor-version":[{"id":72014,"href":"https:\/\/2horizontes.com\/index.php?rest_route=\/wp\/v2\/posts\/72013\/revisions\/72014"}],"wp:featuredmedia":[{"embeddable":true,"href":"https:\/\/2horizontes.com\/index.php?rest_route=\/wp\/v2\/media\/71891"}],"wp:attachment":[{"href":"https:\/\/2horizontes.com\/index.php?rest_route=%2Fwp%2Fv2%2Fmedia&parent=72013"}],"wp:term":[{"taxonomy":"category","embeddable":true,"href":"https:\/\/2horizontes.com\/index.php?rest_route=%2Fwp%2Fv2%2Fcategories&post=72013"},{"taxonomy":"post_tag","embeddable":true,"href":"https:\/\/2horizontes.com\/index.php?rest_route=%2Fwp%2Fv2%2Ftags&post=72013"}],"curies":[{"name":"wp","href":"https:\/\/api.w.org\/{rel}","templated":true}]}}