{"id":71995,"date":"2020-10-03T13:08:30","date_gmt":"2020-10-03T12:08:30","guid":{"rendered":"http:\/\/2horizontes.com\/?p=71995"},"modified":"2020-10-03T13:08:32","modified_gmt":"2020-10-03T12:08:32","slug":"entran-en-vigor-las-restricciones-en-la-comunidad-de-madrid-por-el-covid-19-donde-se-aplicaran-y-cuales-son-las-limitaciones","status":"publish","type":"post","link":"https:\/\/2horizontes.com\/?p=71995","title":{"rendered":"Entran en vigor las restricciones en la Comunidad de Madrid por el covid-19: d\u00f3nde se aplicar\u00e1n y cu\u00e1les son las limitaciones"},"content":{"rendered":"\n<p>Este viernes, a las 10:00 de la noche (local), entran&nbsp;en vigor las restricciones impuestas por el Ministerio de Sanidad para luchar contra la segunda ola de coronavirus, que suponen el cierre de Madrid y de otras nueve ciudades de su regi\u00f3n. Las medidas han comenzado a implementarse en medio de una enfrentamiento protagonizado por el Gobierno de Pedro S\u00e1nchez y por el Ejecutivo regional de la Comunidad de Madrid, presidido por Isabel D\u00edaz Ayuso.<\/p>\n\n\n\n<p>La&nbsp;<strong>guerra pol\u00edtica abierta desde hace meses entre ambas administraciones<\/strong>&nbsp;por la gesti\u00f3n de la pandemia ha llegado en las \u00faltimas horas a los tribunales de la mano del Gobierno regional.<\/p>\n\n\n\n<p>La Comunidad de Madrid&nbsp;<a href=\"https:\/\/actualidad.rt.com\/actualidad\/368579-presentar-audiencia-nacional-espana-recurso-cierre-madrid\" target=\"_blank\" rel=\"noreferrer noopener\">ha presentado<\/a>&nbsp;un&nbsp;<strong>recurso ante la Audiencia Nacional<\/strong>&nbsp;contra la orden del Ministerio de Sanidad, pidiendo&nbsp;<strong>medidas cautelares<\/strong>&nbsp;que frenar\u00edan las restricciones impuestas. El Tribunal tiene hasta 20 d\u00edas para pronunciarse.<\/p>\n\n\n\n<p>El departamento dirigido por el ministro Salvador Illa se ha basado en el Acuerdo del&nbsp;Consejo Interterritorial del Sistema Nacional de Salud, que re\u00fane a todos los responsables de Sanidad de las Comunidades Aut\u00f3nomas.&nbsp;<strong>El acuerdo tuvo el respaldo de la mayor\u00eda, 13 de 19, pero no logr\u00f3 el consenso<\/strong>&nbsp;al votar negativamente Madrid, Andaluc\u00eda, Catalu\u00f1a, Galicia, Ceuta, adem\u00e1s de la abstenci\u00f3n de Murcia.<\/p>\n\n\n\n<figure><iframe allowfullscreen=\"true\" class=\"\" src=\"https:\/\/platform.twitter.com\/embed\/index.html?dnt=false&amp;embedId=twitter-widget-0&amp;frame=false&amp;hideCard=false&amp;hideThread=false&amp;id=1311751330541821952&amp;lang=es&amp;origin=https%3A%2F%2Factualidad.rt.com%2Factualidad%2F368556-comienzo-cierre-madrid-recursos-judiciales&amp;siteScreenName=ActualidadRT&amp;theme=light&amp;widgetsVersion=ed20a2b%3A1601588405575&amp;width=550px\"><\/iframe><\/figure>\n\n\n\n<p>Las acciones legales anunciadas por D\u00edaz Ayuso llegan en medio de la divisi\u00f3n del Gobierno regional. As\u00ed,&nbsp;<strong>su vicepresidente<\/strong>, Ignacio Aguado, perteneciente al otro partido que forma parte del Ejecutivo, Ciudadanos, ya ha declarado p\u00fablicamente que&nbsp;<strong>no es partidario de recurrir a los tribunales<\/strong>&nbsp;las medidas impuestas por Sanidad.<\/p>\n\n\n\n<h3 class=\"wp-block-heading\">\u00bfD\u00f3nde se aplicar\u00e1n las restricciones?<\/h3>\n\n\n\n<p>Las restricciones se implementar\u00e1n en todos los&nbsp;<strong>municipios de m\u00e1s de 100.000 habitantes<\/strong>&nbsp;que superen tres par\u00e1metros epidemiol\u00f3gicos:<\/p>\n\n\n\n<ul class=\"wp-block-list\"><li>Una incidencia de&nbsp;<strong>m\u00e1s de 500 casos por cada 100.000 habitantes<\/strong>&nbsp;durante los \u00faltimos 14 d\u00edas.<\/li><li>Una&nbsp;<strong>positividad superior al 10 %<\/strong>&nbsp;en las pruebas diagn\u00f3sticas de infecci\u00f3n activa de covid-19.<\/li><li>Una ocupaci\u00f3n por&nbsp;<strong>pacientes covid de m\u00e1s del 35 %<\/strong>&nbsp;en unidades de cuidados intensivos (UCI).<\/li><\/ul>\n\n\n\n<p>Actualmente,&nbsp;<strong>todas las ciudades que cumplen esos requisitos se encuentran en la Comunidad de Madrid<\/strong>: adem\u00e1s de la capital, Fuenlabrada, Parla, Alcobendas, Torrej\u00f3n de Ardoz, Getafe, Alcorc\u00f3n, Legan\u00e9s, M\u00f3stoles y Alcal\u00e1 de Henares.<\/p>\n\n\n\n<h3 class=\"wp-block-heading\">\u00bfCu\u00e1les son las limitaciones?<\/h3>\n\n\n\n<p>Las medidas aprobadas que afectan a casi el 70 % de la poblaci\u00f3n de la regi\u00f3n madrile\u00f1a (m\u00e1s de\u00a0<strong>4,5 millones de personas<\/strong>) son:<\/p>\n\n\n\n<ul class=\"wp-block-list\"><li>Prohibida\u00a0<strong>la entrada y salida de personas de los municipios<\/strong>\u00a0salvo para aquellos desplazamientos adecuadamente justificados.<\/li><li>Las reuniones familiares o sociales tanto en \u00e1mbito p\u00fablico como privado se reducir\u00e1n a un n\u00famero\u00a0<strong>m\u00e1ximo de seis personas<\/strong>.<\/li><li><strong>Se limitan los aforos<\/strong>:\u00a0un tercio en lugares de culto; quince personas al aire libre o diez en espacios cerrados en velatorios, 50 % en locales comerciales, 50 % en interior y 60 % en exterior en negocios de restauraci\u00f3n y de juegos y apuestas.<\/li><li><strong>Se proh\u00edbe el consumo en barra.<\/strong><\/li><li><strong>Se limitan los horarios<\/strong>\u00a0de comercios hasta las 22.00 horas y de locales de restauraci\u00f3n hasta las 23.00.<\/li><li>La Comunidad Aut\u00f3noma tiene la obligaci\u00f3n de\u00a0<strong>reforzar sus capacidades para la detecci\u00f3n precoz<\/strong>\u00a0y el control de la enfermedad, as\u00ed como en el \u00e1mbito de la atenci\u00f3n primaria.<\/li><\/ul>\n\n\n\n<p>Fuente: RT. <\/p>\n","protected":false},"excerpt":{"rendered":"<p>Este viernes, a las 10:00 de la noche (local), entran&nbsp;en vigor las restricciones impuestas por el Ministerio de Sanidad para luchar contra la segunda ola de coronavirus, que suponen el cierre de Madrid y de otras nueve ciudades de su regi\u00f3n. Las medidas han comenzado a implementarse en medio de una enfrentamiento protagonizado por el [&hellip;]<\/p>\n","protected":false},"author":44079,"featured_media":71996,"comment_status":"open","ping_status":"open","sticky":false,"template":"","format":"standard","meta":{"footnotes":""},"categories":[85,40],"tags":[],"class_list":["post-71995","post","type-post","status-publish","format-standard","has-post-thumbnail","hentry","category-espana","category-internacionales"],"_links":{"self":[{"href":"https:\/\/2horizontes.com\/index.php?rest_route=\/wp\/v2\/posts\/71995","targetHints":{"allow":["GET"]}}],"collection":[{"href":"https:\/\/2horizontes.com\/index.php?rest_route=\/wp\/v2\/posts"}],"about":[{"href":"https:\/\/2horizontes.com\/index.php?rest_route=\/wp\/v2\/types\/post"}],"author":[{"embeddable":true,"href":"https:\/\/2horizontes.com\/index.php?rest_route=\/wp\/v2\/users\/44079"}],"replies":[{"embeddable":true,"href":"https:\/\/2horizontes.com\/index.php?rest_route=%2Fwp%2Fv2%2Fcomments&post=71995"}],"version-history":[{"count":1,"href":"https:\/\/2horizontes.com\/index.php?rest_route=\/wp\/v2\/posts\/71995\/revisions"}],"predecessor-version":[{"id":71997,"href":"https:\/\/2horizontes.com\/index.php?rest_route=\/wp\/v2\/posts\/71995\/revisions\/71997"}],"wp:featuredmedia":[{"embeddable":true,"href":"https:\/\/2horizontes.com\/index.php?rest_route=\/wp\/v2\/media\/71996"}],"wp:attachment":[{"href":"https:\/\/2horizontes.com\/index.php?rest_route=%2Fwp%2Fv2%2Fmedia&parent=71995"}],"wp:term":[{"taxonomy":"category","embeddable":true,"href":"https:\/\/2horizontes.com\/index.php?rest_route=%2Fwp%2Fv2%2Fcategories&post=71995"},{"taxonomy":"post_tag","embeddable":true,"href":"https:\/\/2horizontes.com\/index.php?rest_route=%2Fwp%2Fv2%2Ftags&post=71995"}],"curies":[{"name":"wp","href":"https:\/\/api.w.org\/{rel}","templated":true}]}}