{"id":71987,"date":"2020-10-03T12:51:10","date_gmt":"2020-10-03T11:51:10","guid":{"rendered":"http:\/\/2horizontes.com\/?p=71987"},"modified":"2020-10-03T12:51:12","modified_gmt":"2020-10-03T11:51:12","slug":"hospitalizan-a-trump-en-el-centro-medico-militar-walter-reed","status":"publish","type":"post","link":"https:\/\/2horizontes.com\/?p=71987","title":{"rendered":"Hospitalizan a Trump en el Centro M\u00e9dico Militar Walter Reed"},"content":{"rendered":"\n<p>La Casa Blanca ha informado que el presidente estadounidense, Donald Trump, que este jueves&nbsp;<a href=\"https:\/\/actualidad.rt.com\/actualidad\/368542-trump-melania-positivo-coronavirus\" target=\"_blank\" rel=\"noreferrer noopener\">dio positivo<\/a>&nbsp;por covid-19 junto con su esposa Melania, ser\u00e1 trasladado al Centro M\u00e9dico Militar Walter Reed, donde permanecer\u00e1 unos d\u00edas por recomendaci\u00f3n m\u00e9dica.<\/p>\n\n\n\n<p>Seg\u00fan inform\u00f3 un funcionario del Gobierno\u00a0<a rel=\"noreferrer noopener\" href=\"https:\/\/news.trust.org\/item\/20201002203213-snxfc\/\" target=\"_blank\">citado<\/a>\u00a0por Reuters, la hospitalizaci\u00f3n del presidente en este centro m\u00e9dico militar, ubicado en Bethesda, estado de Maryland, ha sido decidida\u00a0<strong>como medida de precauci\u00f3n<\/strong>. La fuente explic\u00f3 que los m\u00e9dicos insistieron en la medida para que el presidente pudiera recibir asistencia inmediata en caso necesario.<\/p>\n\n\n\n<p>La noticia de su ingreso se conoce poco despu\u00e9s de que el m\u00e9dico presidencial, Sean P. Conley,&nbsp;<a href=\"https:\/\/actualidad.rt.com\/actualidad\/368643-medico-trump-revela-tratamiento-presidente\" target=\"_blank\" rel=\"noreferrer noopener\">confirmara<\/a>&nbsp;en un comunicado que ve a Trump \u00ab<strong>fatigado pero de buen humor<\/strong>\u00ab.&nbsp;El mandatario y la primera dama han permanecido aislados en la Casa Blanca, en Washington, desde que la noche del jueves&nbsp;<a href=\"https:\/\/actualidad.rt.com\/actualidad\/368542-trump-melania-positivo-coronavirus\" target=\"_blank\" rel=\"noreferrer noopener\">anunciaran<\/a>&nbsp;el diagn\u00f3stico positivo por covid-19.<\/p>\n\n\n\n<p>El presidente a\u00fan&nbsp;<a href=\"https:\/\/actualidad.rt.com\/actualidad\/368654-presidente-esta-cargo-reportan-trump-no-transfirira-poder-pence\" target=\"_blank\" rel=\"noreferrer noopener\">no ha promulgado<\/a>&nbsp;la 25.\u00aa Enmienda de la Constituci\u00f3n para transferir el poder a su vicepresidente, Mike Pence, eventualidad prevista en caso de incapacidad para desempe\u00f1ar sus funciones.<\/p>\n\n\n\n<p>La secretaria de prensa presidencial, Kayleigh McEnany, afirm\u00f3 a los periodistas en la Casa Blanca que \u00abel presidente Trump permanece de buen humor\u00bb y que, aunque presenta s\u00edntomas leves, \u00abha estado trabajando durante todo el d\u00eda\u00bb. Asimismo, agreg\u00f3 que en los pr\u00f3ximos d\u00edas el mandatario \u00abtrabajar\u00e1 desde las oficinas presidenciales en Walter Reed\u00bb.<\/p>\n\n\n\n<p>Fuente: <\/p>\n","protected":false},"excerpt":{"rendered":"<p>La Casa Blanca ha informado que el presidente estadounidense, Donald Trump, que este jueves&nbsp;dio positivo&nbsp;por covid-19 junto con su esposa Melania, ser\u00e1 trasladado al Centro M\u00e9dico Militar Walter Reed, donde permanecer\u00e1 unos d\u00edas por recomendaci\u00f3n m\u00e9dica. Seg\u00fan inform\u00f3 un funcionario del Gobierno\u00a0citado\u00a0por Reuters, la hospitalizaci\u00f3n del presidente en este centro m\u00e9dico militar, ubicado en Bethesda, [&hellip;]<\/p>\n","protected":false},"author":44079,"featured_media":71988,"comment_status":"open","ping_status":"open","sticky":false,"template":"","format":"standard","meta":{"footnotes":""},"categories":[40,43],"tags":[],"class_list":["post-71987","post","type-post","status-publish","format-standard","has-post-thumbnail","hentry","category-internacionales","category-politica"],"_links":{"self":[{"href":"https:\/\/2horizontes.com\/index.php?rest_route=\/wp\/v2\/posts\/71987","targetHints":{"allow":["GET"]}}],"collection":[{"href":"https:\/\/2horizontes.com\/index.php?rest_route=\/wp\/v2\/posts"}],"about":[{"href":"https:\/\/2horizontes.com\/index.php?rest_route=\/wp\/v2\/types\/post"}],"author":[{"embeddable":true,"href":"https:\/\/2horizontes.com\/index.php?rest_route=\/wp\/v2\/users\/44079"}],"replies":[{"embeddable":true,"href":"https:\/\/2horizontes.com\/index.php?rest_route=%2Fwp%2Fv2%2Fcomments&post=71987"}],"version-history":[{"count":1,"href":"https:\/\/2horizontes.com\/index.php?rest_route=\/wp\/v2\/posts\/71987\/revisions"}],"predecessor-version":[{"id":71989,"href":"https:\/\/2horizontes.com\/index.php?rest_route=\/wp\/v2\/posts\/71987\/revisions\/71989"}],"wp:featuredmedia":[{"embeddable":true,"href":"https:\/\/2horizontes.com\/index.php?rest_route=\/wp\/v2\/media\/71988"}],"wp:attachment":[{"href":"https:\/\/2horizontes.com\/index.php?rest_route=%2Fwp%2Fv2%2Fmedia&parent=71987"}],"wp:term":[{"taxonomy":"category","embeddable":true,"href":"https:\/\/2horizontes.com\/index.php?rest_route=%2Fwp%2Fv2%2Fcategories&post=71987"},{"taxonomy":"post_tag","embeddable":true,"href":"https:\/\/2horizontes.com\/index.php?rest_route=%2Fwp%2Fv2%2Ftags&post=71987"}],"curies":[{"name":"wp","href":"https:\/\/api.w.org\/{rel}","templated":true}]}}