{"id":71983,"date":"2020-10-02T18:59:53","date_gmt":"2020-10-02T17:59:53","guid":{"rendered":"http:\/\/2horizontes.com\/?p=71983"},"modified":"2020-10-02T19:05:35","modified_gmt":"2020-10-02T18:05:35","slug":"se-agrava-situacion-del-covid-en-europa","status":"publish","type":"post","link":"https:\/\/2horizontes.com\/?p=71983","title":{"rendered":"Se agrava situaci\u00f3n del Covid en Europa"},"content":{"rendered":"\n<p><strong>Agencias<\/strong><strong>Par\u00eds, Francia<\/strong><\/p>\n\n\n\n<p>&nbsp;Las cifras de contagios y fallecidos por el covid-19 siguen agrav\u00e1ndose en Eu\u00adropa y obligan a pa\u00edses co\u00admo Francia o Espa\u00f1a a im\u00adponer m\u00e1s medidas, como ocurre en Madrid, donde ayer jueves se instauraron nuevas restricciones pese a la oposici\u00f3n de las auto\u00adridades locales.<\/p>\n\n\n\n<p>Desde que surgi\u00f3 en di\u00adciembre pasado en China, el nuevo coronavirus ha causado 1,018,634 muer\u00adtos en todo el mundo y contagiado a m\u00e1s de 34 millones de personas, se\u00adg\u00fan un recuento de la AFP a partir de fuentes oficiales.<\/p>\n\n\n\n<p>Am\u00e9rica Latina y el Ca\u00adribe es actualmente la re\u00adgi\u00f3n m\u00e1s golpeada, con m\u00e1s de 347,000 falleci\u00addos y casi 9.4 millones de casos, pero Europa le si\u00adgue en n\u00famero de muertos (232.600) y tiene adem\u00e1s 5,5 millones de contagios.<\/p>\n\n\n\n<p>En el Viejo Continente, donde se multiplican los &nbsp;rebrotes, el aumento en los nuevos casos es verti\u00adginoso.<\/p>\n\n\n\n<p>Espa\u00f1a, que ya suma 31,800 decesos desde el ini\u00adcio de la pandemia, es hoy en d\u00eda el pa\u00eds de la Uni\u00f3n Europea con la peor inci\u00addencia del virus, 284 casos por cada 100.000 habitan\u00adtes, cifra que se dispara en Madrid (735 casos).<\/p>\n\n\n\n\n\n<p><ins><\/ins><\/p>\n\n\n\n<p>Ante esta situaci\u00f3n epide\u00admiol\u00f3gica \u201cpreocupante\u201d, el gobierno del socialista Pe\u00addro S\u00e1nchez impuso este jueves duras restricciones a la movilidad en Madrid, aunque las autoridades lo\u00adcales se oponen a ellas.<\/p>\n\n\n\n<p><strong>&#8211; \u201cMal rumbo\u201d &#8211;<\/strong><\/p>\n\n\n\n<p>En Francia, tambi\u00e9n muy golpeada por la pande\u00admia y que \u00faltimamente ha registrado hasta 16,000 nuevos contagios diarios, las autoridades sanitarias AP<\/p>\n\n\n\n<p>anunciaron que Par\u00eds est\u00e1 a punto de pasar al nivel de \u201calerta m\u00e1xima\u201d, a partir del lunes.<\/p>\n\n\n\n<p>De continuar con la ten\u00addencia actual, Par\u00eds y su cintur\u00f3n urbano, donde vi\u00adven casi 7 millones de per\u00adsonas, deber\u00e1n cerrar bares y restringir severamente las reuniones sociales.<\/p>\n\n\n\n<p>\u201cNo m\u00e1s reuniones fami\u00adliares, no m\u00e1s salidas noc\u00adturnas y un cierre total de los bares\u201d, advirti\u00f3 el mi\u00adnistro de Salud, Olivier V\u00e9\u00adran.<\/p>\n\n\n\n<p>Colombia sum\u00f3 ayer jue\u00adves 5,660 casos nuevos y 198 fallecidos por coro\u00adnavirus, cifras con las que acumula 835,339 conta\u00adgios y 26,196 muertes, se\u00adg\u00fan inform\u00f3 el Ministerio de Salud.<\/p>\n\n\n\n<p>La situaci\u00f3n no es mucho mejor en Reino Unido, el pa\u00eds m\u00e1s enlutado de Euro\u00adpa con m\u00e1s de 42,000 de\u00adcesos.<\/p>\n\n\n\n<p>En Nueva York, que en los \u00faltimos meses se hab\u00eda considerado un ejemplo de c\u00f3mo controlar la enfer\u00admedad tras ser epicentro nacional con un r\u00e9cord de 23,800 muertos, las cifras epidemiol\u00f3gicas se dispa\u00adraron estos d\u00edas.<\/p>\n\n\n\n<p>La tasa de pruebas posi\u00adtivas se situ\u00f3 durante sema\u00adnas en apenas 1%, pero el martes alcanz\u00f3 el 3,25%, \u201cun motivo de inquietud real\u201d, dijo el alcalde dem\u00f3\u00adcrata Bill de Blasio.<\/p>\n\n\n\n<p>Florida, que tambi\u00e9n fue foco del virus en julio y agosto, registr\u00f3 175 falleci\u00addos el mi\u00e9rcoles, menos de una semana despu\u00e9s de se reabriera la econom\u00eda de este estado.<\/p>\n\n\n\n<p>Las autoridades de salud de Rusia reportaron ayer jueves casi 9,000 casos de coronavirus en un d\u00eda, uno de los mayores aumentos en meses.<\/p>\n\n\n\n<p><strong>EMPLEOS<\/strong><br><strong>P\u00e9rdidas<\/strong><\/p>\n\n\n\n<p>Se perdieron unos 34 millones de empleos en Am\u00e9rica Latina y el Ca\u00adribe, seg\u00fan la Organiza\u00adci\u00f3n Internacional del Trabajo (OIT). Se am\u00adplificar\u00e1n las desigual\u00addades pese a la reactiva\u00adci\u00f3n econ\u00f3mica.<\/p>\n\n\n\n<p><strong>Intentos<\/strong><\/p>\n\n\n\n<p>En la regi\u00f3n, algunos pa\u00edses segu\u00edan flexibili\u00adzando las restricciones, para intentar relanzar econom\u00edas asfixiadas.<\/p>\n\n\n\n<p>Fuente: List\u00edn Diario. <\/p>\n","protected":false},"excerpt":{"rendered":"<p>AgenciasPar\u00eds, Francia &nbsp;Las cifras de contagios y fallecidos por el covid-19 siguen agrav\u00e1ndose en Eu\u00adropa y obligan a pa\u00edses co\u00admo Francia o Espa\u00f1a a im\u00adponer m\u00e1s medidas, como ocurre en Madrid, donde ayer jueves se instauraron nuevas restricciones pese a la oposici\u00f3n de las auto\u00adridades locales. Desde que surgi\u00f3 en di\u00adciembre pasado en China, el [&hellip;]<\/p>\n","protected":false},"author":44079,"featured_media":71364,"comment_status":"open","ping_status":"open","sticky":false,"template":"","format":"standard","meta":{"footnotes":""},"categories":[40],"tags":[],"class_list":["post-71983","post","type-post","status-publish","format-standard","has-post-thumbnail","hentry","category-internacionales"],"_links":{"self":[{"href":"https:\/\/2horizontes.com\/index.php?rest_route=\/wp\/v2\/posts\/71983","targetHints":{"allow":["GET"]}}],"collection":[{"href":"https:\/\/2horizontes.com\/index.php?rest_route=\/wp\/v2\/posts"}],"about":[{"href":"https:\/\/2horizontes.com\/index.php?rest_route=\/wp\/v2\/types\/post"}],"author":[{"embeddable":true,"href":"https:\/\/2horizontes.com\/index.php?rest_route=\/wp\/v2\/users\/44079"}],"replies":[{"embeddable":true,"href":"https:\/\/2horizontes.com\/index.php?rest_route=%2Fwp%2Fv2%2Fcomments&post=71983"}],"version-history":[{"count":2,"href":"https:\/\/2horizontes.com\/index.php?rest_route=\/wp\/v2\/posts\/71983\/revisions"}],"predecessor-version":[{"id":71985,"href":"https:\/\/2horizontes.com\/index.php?rest_route=\/wp\/v2\/posts\/71983\/revisions\/71985"}],"wp:featuredmedia":[{"embeddable":true,"href":"https:\/\/2horizontes.com\/index.php?rest_route=\/wp\/v2\/media\/71364"}],"wp:attachment":[{"href":"https:\/\/2horizontes.com\/index.php?rest_route=%2Fwp%2Fv2%2Fmedia&parent=71983"}],"wp:term":[{"taxonomy":"category","embeddable":true,"href":"https:\/\/2horizontes.com\/index.php?rest_route=%2Fwp%2Fv2%2Fcategories&post=71983"},{"taxonomy":"post_tag","embeddable":true,"href":"https:\/\/2horizontes.com\/index.php?rest_route=%2Fwp%2Fv2%2Ftags&post=71983"}],"curies":[{"name":"wp","href":"https:\/\/api.w.org\/{rel}","templated":true}]}}