{"id":71979,"date":"2020-10-02T18:27:11","date_gmt":"2020-10-02T17:27:11","guid":{"rendered":"http:\/\/2horizontes.com\/?p=71979"},"modified":"2020-10-02T18:27:13","modified_gmt":"2020-10-02T17:27:13","slug":"republica-dominicana-aumenta-flujo-de-pasajeros-por-el-aila","status":"publish","type":"post","link":"https:\/\/2horizontes.com\/?p=71979","title":{"rendered":"Rep\u00fablica Dominicana: Aumenta flujo de pasajeros por el AILA"},"content":{"rendered":"\n<p>Con la entrada en vigencia del&nbsp; Plan de Recuperaci\u00f3n Responsable del Turismo, las operaciones de vuelos por los aeropuertos nacionales se intensificaron ayer con la llegada de vuelos ch\u00e1rter y de pasajeros nacionales y turistas desde diferentes puntos del exterior.<\/p>\n\n\n\n<p>El plan, que es coordinado por el ministerio de Turismo, y que se est\u00e1 aplicando en los aeropuertos del pa\u00eds, tiene protocolos sanitarios estrictos con la medida de temperatura, distanciamiento y uso de las mascarillas.<\/p>\n\n\n\n<p>A viajeros que ingresan no es necesario presentar la prueba COVID-19, ya que se est\u00e1 realizando las pruebas aleatorias no invasivas, con test PCR desarrollado en Israel, que utiliza el aliento.<\/p>\n\n\n\n<p>Ayer se ten\u00eda previsto que llegaran unos 30 vuelos comerciales por la terminal de Las Am\u00e9ricas.<\/p>\n\n\n\n<p>Luis L\u00f3pez Menas, director Corporativo de Comunicaci\u00f3n de la empresa Aeropuertos Dominicanos&nbsp;&nbsp;(Aerodom), se\u00f1al\u00f3 que los vuelos programados eran procedentes de Nueva York, Miami, New Jersey, Boston y San Juan, Puerto Rico.<\/p>\n\n\n\n<p>L\u00f3pez mena destac\u00f3 asimismo, que tambi\u00e9n hubo operaciones de vuelos desde y hacia Espa\u00f1a, y otras ciudades del continente europeo.<\/p>\n\n\n\n<p>Destac\u00f3 que desde la reapertura de las fronteras, el AILA ha liderado&nbsp;&nbsp;el flujo de pasajeros, siendo la terminal aeroportuaria con m\u00e1s vuelos recibidos y pasajeros arribados.<\/p>\n\n\n\n<p><strong><em>Aumento de vuelos<\/em><\/strong><\/p>\n\n\n\n<p>Con relaci\u00f3n al incremento de las operaciones por la terminal de Las Am\u00e9rica, revel\u00f3 que para este viernes se inaugurar\u00e1 un nuevo vuelo desde Colombia hacia&nbsp;&nbsp;Santo Domingo, operado por la aerol\u00ednea Wingo.<\/p>\n\n\n\n<p>Indic\u00f3 que la l\u00ednea a\u00e9rea colombiana eligi\u00f3 el aeropuerto Internacional de Las Am\u00e9ricas, como su primer destino internacional, el cual traer\u00e1 turistas desde diferentes pa\u00edses de Sudam\u00e9rica.&nbsp;&nbsp;&nbsp;&nbsp;&nbsp;&nbsp;&nbsp;&nbsp;&nbsp;&nbsp;&nbsp;&nbsp;&nbsp;&nbsp;&nbsp;&nbsp;&nbsp;&nbsp;&nbsp;&nbsp;&nbsp;&nbsp;&nbsp;&nbsp;&nbsp;&nbsp;&nbsp;&nbsp;&nbsp;&nbsp;&nbsp;&nbsp;&nbsp;&nbsp;&nbsp;&nbsp;&nbsp;&nbsp;<\/p>\n\n\n\n<p>Tambi\u00e9n comunic\u00f3 que la aerol\u00ednea Aerom\u00e9xico incrementar\u00e1 en los pr\u00f3ximos d\u00edas sus vuelos desde ciudad M\u00e9xico hacia Santo Domingo.<\/p>\n\n\n\n<p>La aerol\u00ednea esta adicionando una nueva frecuencia de vuelo hacia el aeropuerto Las Am\u00e9ricas, Jos\u00e9 Francisco Pe\u00f1a G\u00f3mez.<\/p>\n\n\n\n<p><strong><em>Pruebas de aliento<\/em><\/strong><\/p>\n\n\n\n<p>Los viajeros que ingresaron al pa\u00eds ayer eran sometidos de manera aleatoria a las pruebas de aliento, la cual consiste en soplar en un dispositivo desechable cinco veces.<\/p>\n\n\n\n<p>Luego de la toma de la prueba, el dispositivo es introducido en una m\u00e1quina, que en 20 segundos determina el resultado.<\/p>\n\n\n\n<p>El test, a diferencia de las pruebas r\u00e1pidas en sangre no generan&nbsp;<strong><em>falsos negativos,<\/em><\/strong>&nbsp;pues su especificidad es por el orden de 99.% por ciento. As\u00ed mismo, es la \u00fanica prueba que detecta el virus tres d\u00edas antes de los primeros s\u00edntomas.<\/p>\n\n\n\n<p>Si la carga viral es detectable, puede descubrirse la presencia del virus hasta cuatro horas despu\u00e9s de haber sido la persona infectada.<\/p>\n\n\n\n<p>Fuente: List\u00edn Diario. <\/p>\n","protected":false},"excerpt":{"rendered":"<p>Con la entrada en vigencia del&nbsp; Plan de Recuperaci\u00f3n Responsable del Turismo, las operaciones de vuelos por los aeropuertos nacionales se intensificaron ayer con la llegada de vuelos ch\u00e1rter y de pasajeros nacionales y turistas desde diferentes puntos del exterior. El plan, que es coordinado por el ministerio de Turismo, y que se est\u00e1 aplicando [&hellip;]<\/p>\n","protected":false},"author":44079,"featured_media":71980,"comment_status":"open","ping_status":"open","sticky":false,"template":"","format":"standard","meta":{"footnotes":""},"categories":[44],"tags":[],"class_list":["post-71979","post","type-post","status-publish","format-standard","has-post-thumbnail","hentry","category-republica-dominicana"],"_links":{"self":[{"href":"https:\/\/2horizontes.com\/index.php?rest_route=\/wp\/v2\/posts\/71979","targetHints":{"allow":["GET"]}}],"collection":[{"href":"https:\/\/2horizontes.com\/index.php?rest_route=\/wp\/v2\/posts"}],"about":[{"href":"https:\/\/2horizontes.com\/index.php?rest_route=\/wp\/v2\/types\/post"}],"author":[{"embeddable":true,"href":"https:\/\/2horizontes.com\/index.php?rest_route=\/wp\/v2\/users\/44079"}],"replies":[{"embeddable":true,"href":"https:\/\/2horizontes.com\/index.php?rest_route=%2Fwp%2Fv2%2Fcomments&post=71979"}],"version-history":[{"count":1,"href":"https:\/\/2horizontes.com\/index.php?rest_route=\/wp\/v2\/posts\/71979\/revisions"}],"predecessor-version":[{"id":71981,"href":"https:\/\/2horizontes.com\/index.php?rest_route=\/wp\/v2\/posts\/71979\/revisions\/71981"}],"wp:featuredmedia":[{"embeddable":true,"href":"https:\/\/2horizontes.com\/index.php?rest_route=\/wp\/v2\/media\/71980"}],"wp:attachment":[{"href":"https:\/\/2horizontes.com\/index.php?rest_route=%2Fwp%2Fv2%2Fmedia&parent=71979"}],"wp:term":[{"taxonomy":"category","embeddable":true,"href":"https:\/\/2horizontes.com\/index.php?rest_route=%2Fwp%2Fv2%2Fcategories&post=71979"},{"taxonomy":"post_tag","embeddable":true,"href":"https:\/\/2horizontes.com\/index.php?rest_route=%2Fwp%2Fv2%2Ftags&post=71979"}],"curies":[{"name":"wp","href":"https:\/\/api.w.org\/{rel}","templated":true}]}}