{"id":71966,"date":"2020-10-01T18:48:42","date_gmt":"2020-10-01T17:48:42","guid":{"rendered":"http:\/\/2horizontes.com\/?p=71966"},"modified":"2020-10-01T18:48:44","modified_gmt":"2020-10-01T17:48:44","slug":"el-prm-formara-a-sus-militantes-para-que-se-integren-al-gobierno","status":"publish","type":"post","link":"https:\/\/2horizontes.com\/?p=71966","title":{"rendered":"El PRM formar\u00e1 a sus militantes para que se integren al gobierno"},"content":{"rendered":"\n<p>La direcci\u00f3n ejecutiva del Partido Revolucionario Moderno (PRM) iniciar\u00e1 un programa intensivo de formaci\u00f3n de su militancia, con miras a su integraci\u00f3n en diferentes posiciones en el tren gubernamental.<\/p>\n\n\n\n<p>As\u00ed lo dio a conocer el presidente del PRM, Jo\u00ads\u00e9 Ignacio Paliza, tras con\u00adcluir el encuentro la tarde de ayer donde inform\u00f3 que este organismo retomar\u00e1 sus encuentros semanales.<\/p>\n\n\n\n<p>Paliza, quien adem\u00e1s es ministro administrativo de la Presidencia, precis\u00f3 que el PRM quiere ayudar a formar mejor a su militan\u00adcia en temas como com\u00adpras y contrataciones, as\u00ed como elementos que pue\u00ad<\/p>\n\n\n\n<p>&nbsp;dan ayudar a la transparen\u00adcia de los procesos que se realizan en el Estado.<\/p>\n\n\n\n<p>\u201cQueremos que el perso\u00adnal que como partido colo\u00adcaremos en el Estado, pue\u00adda tener el mejor nivel de instrucci\u00f3n\u201d, agreg\u00f3 Paliza.<\/p>\n\n\n\n<p>Indic\u00f3 que en la reuni\u00f3n de ayer tambi\u00e9n recibieron un informe sobre la profe\u00adsionalizaci\u00f3n de los miem\u00adbros de esa organizaci\u00f3n pol\u00edtica.<\/p>\n\n\n\n<p>En ese sentido, dijo que tomaron la iniciativa de re\u00addise\u00f1ar el partido, para que los hombres y mujeres que ocupan diversos cargos, puedan sacar hacia delante los programas partidarios.<\/p>\n\n\n\n<p>&nbsp;Entre otros temas, el PRM recibi\u00f3 un informe sobre los resultados de las elecciones pasadas, y fue una especie de FODA que realiz\u00f3 una comisi\u00f3n desig\u00adnada para eso, para ver las debilidades y fortalezas del proceso electoral pasado.<\/p>\n\n\n\n<p><strong>Ternas de diputados<\/strong><\/p>\n\n\n\n<p>Paliza inform\u00f3 que la se\u00admana pr\u00f3xima volver\u00e1n a reunirse y los temas princi\u00adpales a debatir son las pla\u00adzas y plazos para llenar cin\u00adco espacios en el Congreso Nacional.<\/p>\n\n\n\n<p>\u201cEsos son temas que te\u00adnemos pendientes en la agenda partidaria y es opor\u00adtuno discutirlos cuanto an\u00adtes. Estamos en un proce\u00adso de evaluaci\u00f3n sobre los mismos, conversando con el territorio para conocer tambi\u00e9n de la opini\u00f3n de la dirigencia del Partido en las diversas localidades, para que podamos escoger y en\u00adviar la terna que ser\u00eda nues\u00adtra recomendaci\u00f3n\u201d, infor\u00adm\u00f3.<\/p>\n\n\n\n<p>Fuente: List\u00edn Diario. <\/p>\n","protected":false},"excerpt":{"rendered":"<p>La direcci\u00f3n ejecutiva del Partido Revolucionario Moderno (PRM) iniciar\u00e1 un programa intensivo de formaci\u00f3n de su militancia, con miras a su integraci\u00f3n en diferentes posiciones en el tren gubernamental. As\u00ed lo dio a conocer el presidente del PRM, Jo\u00ads\u00e9 Ignacio Paliza, tras con\u00adcluir el encuentro la tarde de ayer donde inform\u00f3 que este organismo retomar\u00e1 [&hellip;]<\/p>\n","protected":false},"author":44079,"featured_media":71967,"comment_status":"open","ping_status":"open","sticky":false,"template":"","format":"standard","meta":{"footnotes":""},"categories":[43],"tags":[],"class_list":["post-71966","post","type-post","status-publish","format-standard","has-post-thumbnail","hentry","category-politica"],"_links":{"self":[{"href":"https:\/\/2horizontes.com\/index.php?rest_route=\/wp\/v2\/posts\/71966","targetHints":{"allow":["GET"]}}],"collection":[{"href":"https:\/\/2horizontes.com\/index.php?rest_route=\/wp\/v2\/posts"}],"about":[{"href":"https:\/\/2horizontes.com\/index.php?rest_route=\/wp\/v2\/types\/post"}],"author":[{"embeddable":true,"href":"https:\/\/2horizontes.com\/index.php?rest_route=\/wp\/v2\/users\/44079"}],"replies":[{"embeddable":true,"href":"https:\/\/2horizontes.com\/index.php?rest_route=%2Fwp%2Fv2%2Fcomments&post=71966"}],"version-history":[{"count":1,"href":"https:\/\/2horizontes.com\/index.php?rest_route=\/wp\/v2\/posts\/71966\/revisions"}],"predecessor-version":[{"id":71968,"href":"https:\/\/2horizontes.com\/index.php?rest_route=\/wp\/v2\/posts\/71966\/revisions\/71968"}],"wp:featuredmedia":[{"embeddable":true,"href":"https:\/\/2horizontes.com\/index.php?rest_route=\/wp\/v2\/media\/71967"}],"wp:attachment":[{"href":"https:\/\/2horizontes.com\/index.php?rest_route=%2Fwp%2Fv2%2Fmedia&parent=71966"}],"wp:term":[{"taxonomy":"category","embeddable":true,"href":"https:\/\/2horizontes.com\/index.php?rest_route=%2Fwp%2Fv2%2Fcategories&post=71966"},{"taxonomy":"post_tag","embeddable":true,"href":"https:\/\/2horizontes.com\/index.php?rest_route=%2Fwp%2Fv2%2Ftags&post=71966"}],"curies":[{"name":"wp","href":"https:\/\/api.w.org\/{rel}","templated":true}]}}