{"id":71959,"date":"2020-10-01T17:34:03","date_gmt":"2020-10-01T16:34:03","guid":{"rendered":"http:\/\/2horizontes.com\/?p=71959"},"modified":"2020-10-01T17:34:05","modified_gmt":"2020-10-01T16:34:05","slug":"una-nueva-caravana-de-migrantes-hondurenos-se-dirige-a-ee-uu-a-pesar-de-la-pandemia","status":"publish","type":"post","link":"https:\/\/2horizontes.com\/?p=71959","title":{"rendered":"Una nueva caravana de migrantes hondure\u00f1os se dirige a EE.UU. a pesar de la pandemia"},"content":{"rendered":"\n<p>Una caravana de unos&nbsp;2.000 migrantes que sali\u00f3 de la ciudad de San Pedro Sula, en el departamento de Cort\u00e9s (fronterizo con Guatemala), arrib\u00f3 la noche del mi\u00e9rcoles al pa\u00eds vecino, desde donde seguir\u00e1 su rumbo hacia EE.UU.&nbsp;<\/p>\n\n\n\n<p>Aunque la convocatoria para esta nueva caravana&nbsp;se hizo en redes sociales para&nbsp;el 4 de octubre,&nbsp;<strong>centenares de migrantes decidieron adelantarse<\/strong>&nbsp;y comenzaron su camino hacia Guatemala, \u2014que abri\u00f3 sus fronteras a&nbsp;mediados&nbsp;de septiembre\u2014,&nbsp;ante la profundizaci\u00f3n de&nbsp;la crisis econ\u00f3mica en Honduras, que podr\u00eda ser uno de los pa\u00edses m\u00e1s afectados por el coronavirus en Centroam\u00e9rica, seg\u00fan los expertos.<\/p>\n\n\n\n<p>Una de las\u00a0mujeres hondure\u00f1as\u00a0que fue entrevistada mientras caminaba con destino al pa\u00eds vecino afirm\u00f3 que se iba porque no tiene empleo. \u00abTengo seis ni\u00f1os, ten\u00eda siete pero lamentablemente me falta una (&#8230;) todo lo que es la pobreza,\u00a0ah\u00ed\u00a0vamos todos, sin empleo, sin nada\u00bb.<\/p>\n\n\n\n<p>Se prev\u00e9 que este a\u00f1o 350.000 personas se queden sin trabajo en Honduras, por lo que la tasa de desempleo sufrir\u00eda un incremento de 3,8 % y se ubicar\u00eda en 9,5 % (en 2019 esta cifra fue de 5,7 %), seg\u00fan el Observatorio del Mercado Laboral de la Secretario de Trabajo y Seguridad Social.<\/p>\n\n\n\n<h3 class=\"wp-block-heading\">Desplazamiento norte-sur<\/h3>\n\n\n\n<p>A pesar de que los hondure\u00f1os forman parte del&nbsp;Convenio centroamericano de libre movilidad, al igual que los ciudadanos salvadore\u00f1os, guatemaltecos y nicarag\u00fcenses, el Gobierno de Guatemala&nbsp;dijo que&nbsp;solo permitir\u00e1 la entrada a su pa\u00eds a quienes&nbsp;presenten&nbsp;<strong>una prueba PCR<\/strong>, hecha con por lo menos&nbsp;72 horas de antelaci\u00f3n y cuyo resultado solo estar\u00e1&nbsp;<strong>vigente por dos semanas<\/strong>.<\/p>\n\n\n\n<p>Por su parte,&nbsp;la Embajada&nbsp;estadounidense en Honduras&nbsp;advirti\u00f3 en su cuenta de Twitter que \u00abahora m\u00e1s que nunca, es m\u00e1s dif\u00edcil cruzar la frontera de Estados Unidos de manera ilegal. El viaje se ha hecho a\u00fan m\u00e1s peligroso\u00bb.&nbsp;<\/p>\n\n\n\n<figure><iframe allowfullscreen=\"true\" class=\"\" src=\"https:\/\/platform.twitter.com\/embed\/index.html?dnt=false&amp;embedId=twitter-widget-0&amp;frame=false&amp;hideCard=false&amp;hideThread=false&amp;id=1311659780088438789&amp;lang=es&amp;origin=https%3A%2F%2Factualidad.rt.com%2Factualidad%2F368436-caravana-migrantes-hondurenos-eeuu-pandemia&amp;siteScreenName=ActualidadRT&amp;theme=light&amp;widgetsVersion=219d021%3A1598982042171&amp;width=550px\"><\/iframe><\/figure>\n\n\n\n<p>En esa misma l\u00ednea, el&nbsp;embajador de Honduras en territorio mexicano, Gerardo Sim\u00f3n,&nbsp;manifest\u00f3&nbsp;que las repatriaciones de hondure\u00f1os de EE.UU a M\u00e9xico&nbsp;se han&nbsp;<strong>incrementado&nbsp;50 % durante la cuarentena<\/strong>&nbsp;debido a que la&nbsp;situaci\u00f3n laboral informal para los migrantes se ha complicado en esos dos pa\u00edses, cuyas econom\u00edas&nbsp;sufren los embates del coronavirus.<\/p>\n\n\n\n<p>El funcionario tambi\u00e9n&nbsp;alert\u00f3 sobre la complicada situaci\u00f3n en medio de la emergencia sanitaria por el covid-19 y el peligro de que los migrantes puedan contagiarse durante su desplazamiento. \u00abHay que tener un poco de conciencia.&nbsp;<strong>No estamos en tiempos normales<\/strong>\u00ab, recoge&nbsp;<a href=\"https:\/\/hondudiario.com\/2020\/09\/30\/deportaciones-de-hondurenos-desde-estados-unidos-a-mexico-han-aumentado-en-un-50\/\" target=\"_blank\" rel=\"noreferrer noopener\">Hondudiario<\/a>.<\/p>\n\n\n\n<figure><iframe allowfullscreen=\"true\" class=\"\" src=\"https:\/\/platform.twitter.com\/embed\/index.html?dnt=false&amp;embedId=twitter-widget-1&amp;frame=false&amp;hideCard=false&amp;hideThread=false&amp;id=1311495291154112512&amp;lang=es&amp;origin=https%3A%2F%2Factualidad.rt.com%2Factualidad%2F368436-caravana-migrantes-hondurenos-eeuu-pandemia&amp;siteScreenName=ActualidadRT&amp;theme=light&amp;widgetsVersion=219d021%3A1598982042171&amp;width=550px\"><\/iframe><\/figure>\n\n\n\n<p>\u00abEstas caravanas que est\u00e1n viniendo para el norte, deber\u00edan pensar que enfermarse en un pa\u00eds extra\u00f1o para ellos va a ser mortal;&nbsp;<strong>aqu\u00ed tienen prioridad para los ciudadanos locales<\/strong>, no los migrantes que vienen sin documentaci\u00f3n\u00bb,&nbsp;agreg\u00f3&nbsp;el funcionario.&nbsp;<\/p>\n\n\n\n<p>Sim\u00f3n inform\u00f3&nbsp;que el desplazamiento se ha invertido de&nbsp;norte&nbsp;a sur y que&nbsp;diariamente las autoridades estadounidenses&nbsp;devuelven a M\u00e9xico&nbsp;a unos 250 hondure\u00f1os.<\/p>\n\n\n\n<p>Durante la pandemia, M\u00e9xico ha deportado a\u00a016.875 centroamericanos, de los cuales 54 % son hondure\u00f1os, lo que corresponde a 9.129 personas que\u00a0regresaron\u00a0a\u00a0ese pa\u00eds en 67 vuelos que\u00a0aterrizaron en\u00a0San Pedro Sula y Tegucigalpa.<\/p>\n\n\n\n<p>Fuente: RT. <\/p>\n","protected":false},"excerpt":{"rendered":"<p>Una caravana de unos&nbsp;2.000 migrantes que sali\u00f3 de la ciudad de San Pedro Sula, en el departamento de Cort\u00e9s (fronterizo con Guatemala), arrib\u00f3 la noche del mi\u00e9rcoles al pa\u00eds vecino, desde donde seguir\u00e1 su rumbo hacia EE.UU.&nbsp; Aunque la convocatoria para esta nueva caravana&nbsp;se hizo en redes sociales para&nbsp;el 4 de octubre,&nbsp;centenares de migrantes decidieron [&hellip;]<\/p>\n","protected":false},"author":44079,"featured_media":71960,"comment_status":"open","ping_status":"open","sticky":false,"template":"","format":"standard","meta":{"footnotes":""},"categories":[40],"tags":[],"class_list":["post-71959","post","type-post","status-publish","format-standard","has-post-thumbnail","hentry","category-internacionales"],"_links":{"self":[{"href":"https:\/\/2horizontes.com\/index.php?rest_route=\/wp\/v2\/posts\/71959","targetHints":{"allow":["GET"]}}],"collection":[{"href":"https:\/\/2horizontes.com\/index.php?rest_route=\/wp\/v2\/posts"}],"about":[{"href":"https:\/\/2horizontes.com\/index.php?rest_route=\/wp\/v2\/types\/post"}],"author":[{"embeddable":true,"href":"https:\/\/2horizontes.com\/index.php?rest_route=\/wp\/v2\/users\/44079"}],"replies":[{"embeddable":true,"href":"https:\/\/2horizontes.com\/index.php?rest_route=%2Fwp%2Fv2%2Fcomments&post=71959"}],"version-history":[{"count":1,"href":"https:\/\/2horizontes.com\/index.php?rest_route=\/wp\/v2\/posts\/71959\/revisions"}],"predecessor-version":[{"id":71961,"href":"https:\/\/2horizontes.com\/index.php?rest_route=\/wp\/v2\/posts\/71959\/revisions\/71961"}],"wp:featuredmedia":[{"embeddable":true,"href":"https:\/\/2horizontes.com\/index.php?rest_route=\/wp\/v2\/media\/71960"}],"wp:attachment":[{"href":"https:\/\/2horizontes.com\/index.php?rest_route=%2Fwp%2Fv2%2Fmedia&parent=71959"}],"wp:term":[{"taxonomy":"category","embeddable":true,"href":"https:\/\/2horizontes.com\/index.php?rest_route=%2Fwp%2Fv2%2Fcategories&post=71959"},{"taxonomy":"post_tag","embeddable":true,"href":"https:\/\/2horizontes.com\/index.php?rest_route=%2Fwp%2Fv2%2Ftags&post=71959"}],"curies":[{"name":"wp","href":"https:\/\/api.w.org\/{rel}","templated":true}]}}