{"id":71952,"date":"2020-09-30T17:24:24","date_gmt":"2020-09-30T16:24:24","guid":{"rendered":"http:\/\/2horizontes.com\/?p=71952"},"modified":"2020-09-30T17:24:26","modified_gmt":"2020-09-30T16:24:26","slug":"paliza-dice-seran-verificadas-justificaciones-de-funcionarios-con-relacion-a-declaraciones-juradas-antes-de-suspenderlos","status":"publish","type":"post","link":"https:\/\/2horizontes.com\/?p=71952","title":{"rendered":"Paliza dice ser\u00e1n verificadas justificaciones de funcionarios con relaci\u00f3n a declaraciones juradas antes de suspenderlos"},"content":{"rendered":"\n<p>El ministro Administrativo de la Presidencia, Jos\u00e9 Ignacio Paliza, dijo que existen otros poderes p\u00fablicos diferentes al Ejecutivo como el Congreso Nacional, al justificar la tardanza de algunos funcionarios en presentar sus declaraciones juradas de bienes.<\/p>\n\n\n\n<p><strong>Enfatiz\u00f3 que no necesariamente existe algo pecaminoso con una persona que no haya hecho su declaraci\u00f3n&nbsp;<\/strong>a tiempo, sobre todo en su primer mandato, \u00abpero s\u00ed debe hacerse para cumplir con la ley, que eso es lo que queremos, que todos el mundo sin importar quien sea cumpla el mandato\u201d.<\/p>\n\n\n\n<p>\u00abTodo funcionario p\u00fablico que llega a una funci\u00f3n inicial no puede tener nada que ocultar, queremos generar un antes y un despu\u00e9s, que sea esta una herramienta para comprar el patrimonio de cuando entra y cuando sale\u00bb, dijo el ministro Administrativo.<\/p>\n\n\n\n<p>Aclar\u00f3 que en el caso de los funcionarios p\u00fablicos del tren gubernamental de la funci\u00f3n Ejecutiva \u00abse tomar\u00e1n las medidas correspondientes, para que sea este un antes y un despu\u00e9s, y no sea reiterativa estas acciones cada cuatro a\u00f1os,&nbsp;<strong>cuando se generan los plazos para presentar la declaraci\u00f3n jurada y no se hace\u00bb.<\/strong><\/p>\n\n\n\n<p>El presidente Luis Abinader hab\u00eda asegurado que de no presentar sus declaraciones a tiempo los funcionarios ser\u00edan suspendidos, y de no cumplir en tres semanas posteriores a esta entonces proceder\u00eda a cancelarlos.<\/p>\n\n\n\n<p>En relaci\u00f3n a lo anterior el ministro expuso que antes de suspender o cancelar a alg\u00fan funcionario hay que revisar las motivaciones que llevaron a que las declaraciones no fueran presentadas a tiempo \u00aben todo caso el presidente ha hablado de suspensi\u00f3n, una vez se pueda constatar las motivaciones que hicieron que no se rindieran cuentas a tiempo, se analizar\u00e1 pada caso\u00bb.<\/p>\n\n\n\n<p>Fuente: List\u00edn Diario. <\/p>\n","protected":false},"excerpt":{"rendered":"<p>El ministro Administrativo de la Presidencia, Jos\u00e9 Ignacio Paliza, dijo que existen otros poderes p\u00fablicos diferentes al Ejecutivo como el Congreso Nacional, al justificar la tardanza de algunos funcionarios en presentar sus declaraciones juradas de bienes. Enfatiz\u00f3 que no necesariamente existe algo pecaminoso con una persona que no haya hecho su declaraci\u00f3n&nbsp;a tiempo, sobre todo [&hellip;]<\/p>\n","protected":false},"author":44079,"featured_media":71953,"comment_status":"open","ping_status":"open","sticky":false,"template":"","format":"standard","meta":{"footnotes":""},"categories":[43,44],"tags":[],"class_list":["post-71952","post","type-post","status-publish","format-standard","has-post-thumbnail","hentry","category-politica","category-republica-dominicana"],"_links":{"self":[{"href":"https:\/\/2horizontes.com\/index.php?rest_route=\/wp\/v2\/posts\/71952","targetHints":{"allow":["GET"]}}],"collection":[{"href":"https:\/\/2horizontes.com\/index.php?rest_route=\/wp\/v2\/posts"}],"about":[{"href":"https:\/\/2horizontes.com\/index.php?rest_route=\/wp\/v2\/types\/post"}],"author":[{"embeddable":true,"href":"https:\/\/2horizontes.com\/index.php?rest_route=\/wp\/v2\/users\/44079"}],"replies":[{"embeddable":true,"href":"https:\/\/2horizontes.com\/index.php?rest_route=%2Fwp%2Fv2%2Fcomments&post=71952"}],"version-history":[{"count":1,"href":"https:\/\/2horizontes.com\/index.php?rest_route=\/wp\/v2\/posts\/71952\/revisions"}],"predecessor-version":[{"id":71954,"href":"https:\/\/2horizontes.com\/index.php?rest_route=\/wp\/v2\/posts\/71952\/revisions\/71954"}],"wp:featuredmedia":[{"embeddable":true,"href":"https:\/\/2horizontes.com\/index.php?rest_route=\/wp\/v2\/media\/71953"}],"wp:attachment":[{"href":"https:\/\/2horizontes.com\/index.php?rest_route=%2Fwp%2Fv2%2Fmedia&parent=71952"}],"wp:term":[{"taxonomy":"category","embeddable":true,"href":"https:\/\/2horizontes.com\/index.php?rest_route=%2Fwp%2Fv2%2Fcategories&post=71952"},{"taxonomy":"post_tag","embeddable":true,"href":"https:\/\/2horizontes.com\/index.php?rest_route=%2Fwp%2Fv2%2Ftags&post=71952"}],"curies":[{"name":"wp","href":"https:\/\/api.w.org\/{rel}","templated":true}]}}