{"id":71948,"date":"2020-09-30T17:12:44","date_gmt":"2020-09-30T16:12:44","guid":{"rendered":"http:\/\/2horizontes.com\/?p=71948"},"modified":"2020-09-30T17:20:07","modified_gmt":"2020-09-30T16:20:07","slug":"una-empresa-de-seguridad-espanola-espio-los-telefonos-de-dos-hijas-del-expresidente-ecuatoriano-rafael-correa","status":"publish","type":"post","link":"https:\/\/2horizontes.com\/?p=71948","title":{"rendered":"Una empresa de seguridad espa\u00f1ola espi\u00f3 los tel\u00e9fonos de dos hijas del expresidente ecuatoriano Rafael Correa"},"content":{"rendered":"\n<p>UC Global S.L., empresa de seguridad espa\u00f1ola, espi\u00f3 durante varios a\u00f1os a dos hijas del expresidente de Ecuador&nbsp;<a href=\"https:\/\/actualidad.rt.com\/actualidad\/166553-rafael-correa-ecuador\" target=\"_blank\" rel=\"noreferrer noopener\">Rafael Correa<\/a>, seg\u00fan una querella presentada por el exmandatario contra el exmilitar David Morales, due\u00f1o de la compa\u00f1\u00eda, en la Audiencia Nacional de Espa\u00f1a.<\/p>\n\n\n\n<p>Seg\u00fan la denuncia, por presuntos delitos contra la intimidad y revelaci\u00f3n de secretos, la firma instal\u00f3 en los tel\u00e9fonos m\u00f3viles que proporcion\u00f3 a Sof\u00eda y Anne Correa unos denominados troyanos \u2014un malware (programa maligno) que al ejecutarlo permite el acceso remoto al dispositivo y con ello robar sus datos confidenciales\u2014.<\/p>\n\n\n\n<p><strong>El espionaje&nbsp;comenz\u00f3 en 2014 cuando las hijas del exmandatario estudiaban en Francia<\/strong>, con becas que hab\u00edan recibido de ese pa\u00eds; Sof\u00eda estaba en Lyon y Anne en Poitiers. Entonces, comenzaron a recibir seguridad de UC Global S.L., empresa contratada por el Servicio de Protecci\u00f3n Presidencial de Ecuador (SPP).<\/p>\n\n\n\n<p>En octubre de 2014, Sof\u00eda y Anne recibieron dos tel\u00e9fonos Iphone, argumentando que ten\u00edan un sistema de geolocalizaci\u00f3n que permit\u00eda a la seguridad saber d\u00f3nde estaban en cada momento.<\/p>\n\n\n\n<p>Sin embargo, seg\u00fan la querella presentada,&nbsp;<strong>ambos dispositivos ten\u00edan&nbsp;troyanos&nbsp;de Tradesegur incorporados<\/strong>, \u00abque permit\u00edan el control absoluto de ambos (tel\u00e9fonos m\u00f3viles) desde la sede de UC Global S. L.\u00bb, ubicada en Jerez de la Frontera, C\u00e1diz (Andaluc\u00eda, Espa\u00f1a).<\/p>\n\n\n\n<p>Un a\u00f1o despu\u00e9s, a las dos j\u00f3venes les entregaron otros Iphone, en cuyos dispositivos \u2014seg\u00fan la querella\u2014&nbsp;<strong>estaba instalado el sistema &#8216;Flexispy&#8217;<\/strong>, una aplicaci\u00f3n que permite monitorear las conversaciones que se hagan desde el dispositivo. Como en la primera oportunidad, las chicas y sus padres desconoc\u00edan este espionaje.<\/p>\n\n\n\n<p>\u00abUC Global S.L. comenz\u00f3 a recolectar informaci\u00f3n de ambas, especialmente vinculada al padre, entonces presidente, y se accedi\u00f3 a sus cuentas de correo electr\u00f3nico, as\u00ed como a su Facebook y Messenger\u00bb,&nbsp;dice la querella.<\/p>\n\n\n\n<p>Junto a la acusaci\u00f3n, presentaron facturas de la compra de los Iphone y&nbsp;<strong>41 grabaciones de conversaciones<\/strong>&nbsp;telef\u00f3nicas que presuntamente fueron captadas a trav\u00e9s de estos tel\u00e9fonos m\u00f3viles, que fueron encontradas en el computador de&nbsp;Michel Wallemacq, un trabajador belga de la empresa.<\/p>\n\n\n\n<h3 class=\"wp-block-heading\">Seguridad a Correa<\/h3>\n\n\n\n<p>La compa\u00f1\u00eda espa\u00f1ola, adem\u00e1s, brindaba seguridad a Correa cuando hac\u00eda sus viajes por Europa como mandatario.<\/p>\n\n\n\n<p>Una vez que dej\u00f3 la Presidencia, en 2017, Correa se mud\u00f3 a B\u00e9lgica y&nbsp;UC Global S.L. continu\u00f3 prest\u00e1ndole sus servicios hasta que el expresidente&nbsp;<strong>prescindi\u00f3 del contrato en 2019, tras sospechar que estaba siendo espiado<\/strong>. Seg\u00fan un testigo protegido, que trabajaba para la empresa espa\u00f1ola, Morales dec\u00eda que enviaba informaci\u00f3n confidencial de Correa al actual mandatario ecuatoriano,&nbsp;<a href=\"https:\/\/actualidad.rt.com\/actualidad\/239447-lenin-moreno-presidente-ecuador\" target=\"_blank\" rel=\"noreferrer noopener\">Len\u00edn Moreno<\/a>.<\/p>\n\n\n\n<p>Seg\u00fan se\u00f1ala la querella, \u00ablos operadores le confesaron (al exmandatario) que&nbsp;<strong>Morales les reclamaba informes sobre sus reuniones o datos personales<\/strong>. Especialmente en lo relacionado con el asilo a&nbsp;<a href=\"https:\/\/actualidad.rt.com\/actualidad\/164995-julian-assange-wikileaks\" target=\"_blank\" rel=\"noreferrer noopener\">Julian Assange<\/a>&nbsp;(que se encontraba en la Embajada de Ecuador en Londres) del que Correa fue hombre decisivo. Algunos se negaron\u00bb.<\/p>\n\n\n\n<p>UC Global S.L., adem\u00e1s, prestaba servicio a la Embajada ecuatoriana en Londres, donde se refugi\u00f3 Assange y de donde fue sacado en abril de 2019. En relaci\u00f3n a ello, Morales fue denunciado \u2014detenido y dejado en libertad provisional\u2014 por&nbsp;<a rel=\"noreferrer noopener\" href=\"https:\/\/actualidad.rt.com\/actualidad\/361231-baltasar-garzon-testifica-espionaje-assange\" target=\"_blank\">espiar<\/a>&nbsp;conversaciones del activista australiano con sus abogados.<\/p>\n\n\n\n<p>Fuente: RT. <\/p>\n","protected":false},"excerpt":{"rendered":"<p>UC Global S.L., empresa de seguridad espa\u00f1ola, espi\u00f3 durante varios a\u00f1os a dos hijas del expresidente de Ecuador&nbsp;Rafael Correa, seg\u00fan una querella presentada por el exmandatario contra el exmilitar David Morales, due\u00f1o de la compa\u00f1\u00eda, en la Audiencia Nacional de Espa\u00f1a. Seg\u00fan la denuncia, por presuntos delitos contra la intimidad y revelaci\u00f3n de secretos, la [&hellip;]<\/p>\n","protected":false},"author":44079,"featured_media":71950,"comment_status":"open","ping_status":"open","sticky":false,"template":"","format":"standard","meta":{"footnotes":""},"categories":[1,85,40,43],"tags":[],"class_list":["post-71948","post","type-post","status-publish","format-standard","has-post-thumbnail","hentry","category-entretenimiento","category-espana","category-internacionales","category-politica"],"_links":{"self":[{"href":"https:\/\/2horizontes.com\/index.php?rest_route=\/wp\/v2\/posts\/71948","targetHints":{"allow":["GET"]}}],"collection":[{"href":"https:\/\/2horizontes.com\/index.php?rest_route=\/wp\/v2\/posts"}],"about":[{"href":"https:\/\/2horizontes.com\/index.php?rest_route=\/wp\/v2\/types\/post"}],"author":[{"embeddable":true,"href":"https:\/\/2horizontes.com\/index.php?rest_route=\/wp\/v2\/users\/44079"}],"replies":[{"embeddable":true,"href":"https:\/\/2horizontes.com\/index.php?rest_route=%2Fwp%2Fv2%2Fcomments&post=71948"}],"version-history":[{"count":2,"href":"https:\/\/2horizontes.com\/index.php?rest_route=\/wp\/v2\/posts\/71948\/revisions"}],"predecessor-version":[{"id":71951,"href":"https:\/\/2horizontes.com\/index.php?rest_route=\/wp\/v2\/posts\/71948\/revisions\/71951"}],"wp:featuredmedia":[{"embeddable":true,"href":"https:\/\/2horizontes.com\/index.php?rest_route=\/wp\/v2\/media\/71950"}],"wp:attachment":[{"href":"https:\/\/2horizontes.com\/index.php?rest_route=%2Fwp%2Fv2%2Fmedia&parent=71948"}],"wp:term":[{"taxonomy":"category","embeddable":true,"href":"https:\/\/2horizontes.com\/index.php?rest_route=%2Fwp%2Fv2%2Fcategories&post=71948"},{"taxonomy":"post_tag","embeddable":true,"href":"https:\/\/2horizontes.com\/index.php?rest_route=%2Fwp%2Fv2%2Ftags&post=71948"}],"curies":[{"name":"wp","href":"https:\/\/api.w.org\/{rel}","templated":true}]}}