{"id":71941,"date":"2020-09-30T15:59:25","date_gmt":"2020-09-30T14:59:25","guid":{"rendered":"http:\/\/2horizontes.com\/?p=71941"},"modified":"2020-09-30T15:59:27","modified_gmt":"2020-09-30T14:59:27","slug":"fallece-el-reconocido-dibujante-argentino-quino-creador-de-mafalda","status":"publish","type":"post","link":"https:\/\/2horizontes.com\/?p=71941","title":{"rendered":"Fallece el reconocido dibujante argentino Quino, creador de Mafalda"},"content":{"rendered":"\n<p>El dibujante argentino&nbsp;Joaqu\u00edn Salvador Lavado, m\u00e1s conocido como &#8216;Quino&#8217;, falleci\u00f3 este mi\u00e9rcoles a los 88 a\u00f1os. La noticia fue confirmada en redes sociales por su editor,&nbsp;Daniel Divinsky: \u00abToda la gente buena en el pa\u00eds y en el mundo, lo llorar\u00e1\u00bb, escribi\u00f3.<\/p>\n\n\n\n<figure><iframe allowfullscreen=\"true\" class=\"\" src=\"https:\/\/platform.twitter.com\/embed\/index.html?dnt=false&amp;embedId=twitter-widget-0&amp;frame=false&amp;hideCard=false&amp;hideThread=false&amp;id=1311310205750214657&amp;lang=es&amp;origin=https%3A%2F%2Factualidad.rt.com%2Factualidad%2F368330-fallecer-reconocido-dibujante-argentino-quino&amp;siteScreenName=ActualidadRT&amp;theme=light&amp;widgetsVersion=219d021%3A1598982042171&amp;width=550px\"><\/iframe><\/figure>\n\n\n\n<p>Aunque todav\u00eda no se especific\u00f3 el motivo del fallecimiento, se dio a conocer que en los \u00faltimos d\u00edas hab\u00eda sufrido un accidente cerebro vascular, complicando su estado general.&nbsp;<\/p>\n\n\n\n<p>As\u00ed, el\u00a0deceso del famoso artista gr\u00e1fico se produce a tan solo un d\u00eda de que Mafalda, su obra maestra, cumpliera 56 a\u00f1os desde que apareci\u00f3 por primera vez en el semanario\u00a0Primera Plana, el 29 de septiembre de 1964. Aquel ic\u00f3nico personaje se caracteriza por cuestionar todo, y hacer reflexionar al p\u00fablico con una dosis de humor.<\/p>\n\n\n\n<p>Fuente: RT. <\/p>\n","protected":false},"excerpt":{"rendered":"<p>El dibujante argentino&nbsp;Joaqu\u00edn Salvador Lavado, m\u00e1s conocido como &#8216;Quino&#8217;, falleci\u00f3 este mi\u00e9rcoles a los 88 a\u00f1os. La noticia fue confirmada en redes sociales por su editor,&nbsp;Daniel Divinsky: \u00abToda la gente buena en el pa\u00eds y en el mundo, lo llorar\u00e1\u00bb, escribi\u00f3. Aunque todav\u00eda no se especific\u00f3 el motivo del fallecimiento, se dio a conocer que [&hellip;]<\/p>\n","protected":false},"author":44079,"featured_media":71942,"comment_status":"open","ping_status":"open","sticky":false,"template":"","format":"standard","meta":{"footnotes":""},"categories":[1],"tags":[],"class_list":["post-71941","post","type-post","status-publish","format-standard","has-post-thumbnail","hentry","category-entretenimiento"],"_links":{"self":[{"href":"https:\/\/2horizontes.com\/index.php?rest_route=\/wp\/v2\/posts\/71941","targetHints":{"allow":["GET"]}}],"collection":[{"href":"https:\/\/2horizontes.com\/index.php?rest_route=\/wp\/v2\/posts"}],"about":[{"href":"https:\/\/2horizontes.com\/index.php?rest_route=\/wp\/v2\/types\/post"}],"author":[{"embeddable":true,"href":"https:\/\/2horizontes.com\/index.php?rest_route=\/wp\/v2\/users\/44079"}],"replies":[{"embeddable":true,"href":"https:\/\/2horizontes.com\/index.php?rest_route=%2Fwp%2Fv2%2Fcomments&post=71941"}],"version-history":[{"count":1,"href":"https:\/\/2horizontes.com\/index.php?rest_route=\/wp\/v2\/posts\/71941\/revisions"}],"predecessor-version":[{"id":71943,"href":"https:\/\/2horizontes.com\/index.php?rest_route=\/wp\/v2\/posts\/71941\/revisions\/71943"}],"wp:featuredmedia":[{"embeddable":true,"href":"https:\/\/2horizontes.com\/index.php?rest_route=\/wp\/v2\/media\/71942"}],"wp:attachment":[{"href":"https:\/\/2horizontes.com\/index.php?rest_route=%2Fwp%2Fv2%2Fmedia&parent=71941"}],"wp:term":[{"taxonomy":"category","embeddable":true,"href":"https:\/\/2horizontes.com\/index.php?rest_route=%2Fwp%2Fv2%2Fcategories&post=71941"},{"taxonomy":"post_tag","embeddable":true,"href":"https:\/\/2horizontes.com\/index.php?rest_route=%2Fwp%2Fv2%2Ftags&post=71941"}],"curies":[{"name":"wp","href":"https:\/\/api.w.org\/{rel}","templated":true}]}}