{"id":71936,"date":"2020-09-30T15:31:54","date_gmt":"2020-09-30T14:31:54","guid":{"rendered":"http:\/\/2horizontes.com\/?p=71936"},"modified":"2020-09-30T15:31:56","modified_gmt":"2020-09-30T14:31:56","slug":"mas-del-90-de-los-pacientes-que-han-superado-el-covid-19-presenta-algun-efecto-secundario","status":"publish","type":"post","link":"https:\/\/2horizontes.com\/?p=71936","title":{"rendered":"M\u00e1s del 90 % de los pacientes que han superado el covid-19 presenta alg\u00fan efecto secundario"},"content":{"rendered":"\n<p>Una encuesta en l\u00ednea realizada por la Agencia de Prevenci\u00f3n y Control de Enfermedades de Corea (KDCA)&nbsp;<strong>entre casi mil pacientes recuperados de covid-19<\/strong>&nbsp;descubri\u00f3 que m\u00e1s del 90 % presenta al menos un efecto secundario tras haber superado la enfermedad.&nbsp;<\/p>\n\n\n\n<p>De&nbsp;965 pacientes encuestados, 879 (el 91,1 %) respondieron que sufr\u00edan al menos un efecto secundario de la enfermedad, entre ellos&nbsp;<strong>fatiga, p\u00e9rdida del gusto y del olfato o problemas psicol\u00f3gicos<\/strong>, inform\u00f3&nbsp; Kwon Jun-wook,&nbsp;funcionario de la KDCA, en una sesi\u00f3n informativa,&nbsp;<a href=\"https:\/\/news.yahoo.com\/nine-ten-recovered-covid-19-090552953.html\" target=\"_blank\" rel=\"noreferrer noopener\">recoge<\/a>&nbsp;Reuters.<\/p>\n\n\n\n<figure class=\"wp-block-image\"><img decoding=\"async\" src=\"https:\/\/i.ytimg.com\/vi\/Rwy2YvoVndo\/sddefault.jpg\" alt=\"\"\/><\/figure>\n\n\n\n<p>A tenor de los resultados de la&nbsp;encuesta,&nbsp;<strong>la fatiga es el efecto secundario m\u00e1s com\u00fan<\/strong>&nbsp;entre los encuestados, con el 26 % de los pacientes, seguido de la dificultad de concentraci\u00f3n (24,6 %).&nbsp;<\/p>\n\n\n\n<p>Corea del Sur tambi\u00e9n lleva a cabo un estudio en colaboraci\u00f3n con unas 16 organizaciones m\u00e9dicas sobre las posibles complicaciones de la enfermedad\u00a0mediante\u00a0un an\u00e1lisis detallado que incluye tomograf\u00edas computarizadas en pacientes recuperados, inform\u00f3\u00a0Kwon.\u00a0<\/p>\n\n\n\n<p>Fuente: RT. <\/p>\n","protected":false},"excerpt":{"rendered":"<p>Una encuesta en l\u00ednea realizada por la Agencia de Prevenci\u00f3n y Control de Enfermedades de Corea (KDCA)&nbsp;entre casi mil pacientes recuperados de covid-19&nbsp;descubri\u00f3 que m\u00e1s del 90 % presenta al menos un efecto secundario tras haber superado la enfermedad.&nbsp; De&nbsp;965 pacientes encuestados, 879 (el 91,1 %) respondieron que sufr\u00edan al menos un efecto secundario de [&hellip;]<\/p>\n","protected":false},"author":44079,"featured_media":71937,"comment_status":"open","ping_status":"open","sticky":false,"template":"","format":"standard","meta":{"footnotes":""},"categories":[40,45],"tags":[],"class_list":["post-71936","post","type-post","status-publish","format-standard","has-post-thumbnail","hentry","category-internacionales","category-salud"],"_links":{"self":[{"href":"https:\/\/2horizontes.com\/index.php?rest_route=\/wp\/v2\/posts\/71936","targetHints":{"allow":["GET"]}}],"collection":[{"href":"https:\/\/2horizontes.com\/index.php?rest_route=\/wp\/v2\/posts"}],"about":[{"href":"https:\/\/2horizontes.com\/index.php?rest_route=\/wp\/v2\/types\/post"}],"author":[{"embeddable":true,"href":"https:\/\/2horizontes.com\/index.php?rest_route=\/wp\/v2\/users\/44079"}],"replies":[{"embeddable":true,"href":"https:\/\/2horizontes.com\/index.php?rest_route=%2Fwp%2Fv2%2Fcomments&post=71936"}],"version-history":[{"count":1,"href":"https:\/\/2horizontes.com\/index.php?rest_route=\/wp\/v2\/posts\/71936\/revisions"}],"predecessor-version":[{"id":71938,"href":"https:\/\/2horizontes.com\/index.php?rest_route=\/wp\/v2\/posts\/71936\/revisions\/71938"}],"wp:featuredmedia":[{"embeddable":true,"href":"https:\/\/2horizontes.com\/index.php?rest_route=\/wp\/v2\/media\/71937"}],"wp:attachment":[{"href":"https:\/\/2horizontes.com\/index.php?rest_route=%2Fwp%2Fv2%2Fmedia&parent=71936"}],"wp:term":[{"taxonomy":"category","embeddable":true,"href":"https:\/\/2horizontes.com\/index.php?rest_route=%2Fwp%2Fv2%2Fcategories&post=71936"},{"taxonomy":"post_tag","embeddable":true,"href":"https:\/\/2horizontes.com\/index.php?rest_route=%2Fwp%2Fv2%2Ftags&post=71936"}],"curies":[{"name":"wp","href":"https:\/\/api.w.org\/{rel}","templated":true}]}}