{"id":71913,"date":"2020-09-28T22:03:00","date_gmt":"2020-09-28T21:03:00","guid":{"rendered":"http:\/\/2horizontes.com\/?p=71913"},"modified":"2020-09-28T22:06:37","modified_gmt":"2020-09-28T21:06:37","slug":"espana-suma-mas-de-30-000-nuevos-casos-de-coronavirus-y-179-fallecidos-desde-el-viernes","status":"publish","type":"post","link":"https:\/\/2horizontes.com\/?p=71913","title":{"rendered":"Espa\u00f1a suma m\u00e1s de 30.000 nuevos casos de coronavirus y 179 fallecidos desde el viernes"},"content":{"rendered":"\n<p><strong>Mientras el mundo ronda el mill\u00f3n de fallecidos por el coronavirus, en Espa\u00f1a el enfrentamiento entre el Gobierno de Pedro S\u00e1nchez y la comunidad de Madrid marca el debate sobre la gesti\u00f3n de la pandemia. Desde la regi\u00f3n aseguran que no son necesarias m\u00e1s medidas y que tienen la situaci\u00f3n bajo control. Pero previamente el Ministerio de Sanidad advirti\u00f3 que, si no se segu\u00eda las recomendaciones de los expertos, el Gobierno tendr\u00eda que actuar.<\/strong><\/p>\n\n\n\n<p>El Ministerio de Sanidad de Espa\u00f1a inform\u00f3 este lunes que se han registrado 31.785nuevos&nbsp;casos de coronavirus y 179 fallecidos desde el pasado viernes.<\/p>\n\n\n\n<p>La cifra total de infectados desde el comienzo de la pandemia es de 748.266, mientras que 31.411 personas han perdido la vida. Madrid, que sigue siendo la regi\u00f3n m\u00e1s afectada por la pandemia, contabiliz\u00f3 desde el viernes 13.449 nuevos positivos, seguida por Andaluc\u00eda, con 3.258 casos nuevos.&nbsp;<\/p>\n\n\n\n<p>En las \u00faltimas semanas&nbsp;las&nbsp;cifras alcanza dimensiones preocupantes en Espa\u00f1a y, en especial, en la capital. Por ello, la Comunidad de Madrid ha aumentado desde este lunes de<strong>&nbsp;37 a 45 las zonas b\u00e1sicas de salud<\/strong>&nbsp;de la regi\u00f3n sometidas a restricciones de movilidad para frenar la propagaci\u00f3n del coronavirus.<\/p>\n\n\n\n<h3 class=\"wp-block-heading\"><strong>\u00abRevisar medidas\u00bb<\/strong><\/h3>\n\n\n\n<p>Sin embargo, el domingo, el ministro de Sanidad, Salvador Illa,&nbsp;<a href=\"https:\/\/twitter.com\/salvadorilla\/status\/1310154835472379905\" target=\"_blank\" rel=\"noreferrer noopener\">pidi\u00f3<\/a>&nbsp;al Gobierno de Madrid que revise sus medidas y siga \u00ablas recomendaciones de los cient\u00edficos y sanitarios\u00bb.<\/p>\n\n\n\n<p>El Ministerio de Sanidad recomienda la implementaci\u00f3n de las&nbsp;<strong>restricciones a toda la ciudad de Madrid<\/strong>, as\u00ed como a otros municipios de la regi\u00f3n que superen la incidencia acumulada de 500 casos cada 100.000 habitantes.<\/p>\n\n\n\n<p>Las otras tres medidas que se deber\u00edan implementar, seg\u00fan Sanidad, son&nbsp;la eliminaci\u00f3n del servicio de barra y la reducci\u00f3n de aforo en las terrazas en los negocios de restauraci\u00f3n, as\u00ed como la recomendaci\u00f3n de restringir los movimientos no necesarios.<\/p>\n\n\n\n<p>Fuente: RT. <\/p>\n","protected":false},"excerpt":{"rendered":"<p>Mientras el mundo ronda el mill\u00f3n de fallecidos por el coronavirus, en Espa\u00f1a el enfrentamiento entre el Gobierno de Pedro S\u00e1nchez y la comunidad de Madrid marca el debate sobre la gesti\u00f3n de la pandemia. Desde la regi\u00f3n aseguran que no son necesarias m\u00e1s medidas y que tienen la situaci\u00f3n bajo control. Pero previamente el [&hellip;]<\/p>\n","protected":false},"author":44079,"featured_media":69692,"comment_status":"open","ping_status":"open","sticky":false,"template":"","format":"standard","meta":{"footnotes":""},"categories":[85,40],"tags":[],"class_list":["post-71913","post","type-post","status-publish","format-standard","has-post-thumbnail","hentry","category-espana","category-internacionales"],"_links":{"self":[{"href":"https:\/\/2horizontes.com\/index.php?rest_route=\/wp\/v2\/posts\/71913","targetHints":{"allow":["GET"]}}],"collection":[{"href":"https:\/\/2horizontes.com\/index.php?rest_route=\/wp\/v2\/posts"}],"about":[{"href":"https:\/\/2horizontes.com\/index.php?rest_route=\/wp\/v2\/types\/post"}],"author":[{"embeddable":true,"href":"https:\/\/2horizontes.com\/index.php?rest_route=\/wp\/v2\/users\/44079"}],"replies":[{"embeddable":true,"href":"https:\/\/2horizontes.com\/index.php?rest_route=%2Fwp%2Fv2%2Fcomments&post=71913"}],"version-history":[{"count":2,"href":"https:\/\/2horizontes.com\/index.php?rest_route=\/wp\/v2\/posts\/71913\/revisions"}],"predecessor-version":[{"id":71915,"href":"https:\/\/2horizontes.com\/index.php?rest_route=\/wp\/v2\/posts\/71913\/revisions\/71915"}],"wp:featuredmedia":[{"embeddable":true,"href":"https:\/\/2horizontes.com\/index.php?rest_route=\/wp\/v2\/media\/69692"}],"wp:attachment":[{"href":"https:\/\/2horizontes.com\/index.php?rest_route=%2Fwp%2Fv2%2Fmedia&parent=71913"}],"wp:term":[{"taxonomy":"category","embeddable":true,"href":"https:\/\/2horizontes.com\/index.php?rest_route=%2Fwp%2Fv2%2Fcategories&post=71913"},{"taxonomy":"post_tag","embeddable":true,"href":"https:\/\/2horizontes.com\/index.php?rest_route=%2Fwp%2Fv2%2Ftags&post=71913"}],"curies":[{"name":"wp","href":"https:\/\/api.w.org\/{rel}","templated":true}]}}