{"id":71910,"date":"2020-09-28T21:46:43","date_gmt":"2020-09-28T20:46:43","guid":{"rendered":"http:\/\/2horizontes.com\/?p=71910"},"modified":"2020-09-28T21:58:57","modified_gmt":"2020-09-28T20:58:57","slug":"feministas-de-america-latina-se-unen-en-intensa-jornada-de-lucha-por-la-legalizacion-del-aborto","status":"publish","type":"post","link":"https:\/\/2horizontes.com\/?p=71910","title":{"rendered":"Feministas de Am\u00e9rica Latina se unen en intensa jornada de lucha por la legalizaci\u00f3n del aborto"},"content":{"rendered":"\n<p>Algunas mujeres marcharon o publicaron desplegados en los diarios. Otras se plantaron frente a los parlamentos de diversos pa\u00edses, juntaron firmas para exigir respuestas a los gobiernos y organizaron \u00abpa\u00f1uelazos\u00bb reales o virtuales. Y todas se movilizaron en las redes sociales para promover el derecho a la interrupci\u00f3n voluntaria del embarazo.<\/p>\n\n\n\n<p>El activismo se hizo patente este lunes al conmemorarse el&nbsp;<strong>D\u00eda de la Lucha por la Despenalizaci\u00f3n y Legalizaci\u00f3n del aborto en Am\u00e9rica Latina y el Caribe<\/strong>, una fecha que se estableci\u00f3 como jornada pol\u00edtica hace ya tres d\u00e9cadas, lapso en el que solo Uruguay ha legalizado a nivel nacional el aborto sin restricciones, tan solo por decisi\u00f3n de la mujer, dentro de las 12 primeras semanas de gestaci\u00f3n, o a las 14, si fue producto de una violaci\u00f3n.<\/p>\n\n\n\n<figure><iframe allowfullscreen=\"true\" class=\"\" src=\"https:\/\/platform.twitter.com\/embed\/index.html?dnt=false&amp;embedId=twitter-widget-0&amp;frame=false&amp;hideCard=false&amp;hideThread=false&amp;id=1310608976485154816&amp;lang=es&amp;origin=https%3A%2F%2Factualidad.rt.com%2Factualidad%2F368098-feministas-america-latina-derecho-aborto&amp;siteScreenName=ActualidadRT&amp;theme=light&amp;widgetsVersion=219d021%3A1598982042171&amp;width=550px\"><\/iframe><\/figure>\n\n\n\n<p>La Ciudad de M\u00e9xico y el estado de Oaxaca son las dos entidades mexicanas en donde tambi\u00e9n se logr\u00f3 avanzar para que las mujeres puedan interrumpir sus embarazos si as\u00ed lo desean, pero las legislaciones locales se contradicen con muchos otros estados del pa\u00eds, en donde se reformaron constituciones para estipular el concepto religioso de \u00abla defensa de la vida desde la concepci\u00f3n\u00bb, lo que frena por completo cualquier intento por legalizar.<\/p>\n\n\n\n<p>Adem\u00e1s,<strong>&nbsp;el presidente Andr\u00e9s Andr\u00e9s Manuel L\u00f3pez Obrador se niega a promover la despenalizaci\u00f3n<\/strong>&nbsp;y legalizaci\u00f3n del aborto a nivel nacional, al considerar que es un tema que genera mucho debate social.<\/p>\n\n\n\n<p><strong>En 1965, Cuba se convirti\u00f3 en el pa\u00eds pionero de la regi\u00f3n en legalizar el aborto<\/strong>. Pero en el resto este derecho sigue postergado.&nbsp;<strong>Los casos m\u00e1s extremos son Honduras, El Salvador, Hait\u00ed y Rep\u00fablica Dominicana<\/strong>, en donde est\u00e1 prohibido por completo, sin excepciones, lo que deriva en la permanente criminalizaci\u00f3n de mujeres que terminan presas y condenadas, muchas veces aunque hayan sufrido abortos espont\u00e1neos.<\/p>\n\n\n\n<figure><iframe allowfullscreen=\"true\" class=\"\" src=\"https:\/\/platform.twitter.com\/embed\/index.html?dnt=false&amp;embedId=twitter-widget-1&amp;frame=false&amp;hideCard=false&amp;hideThread=false&amp;id=1310558982067675136&amp;lang=es&amp;origin=https%3A%2F%2Factualidad.rt.com%2Factualidad%2F368098-feministas-america-latina-derecho-aborto&amp;siteScreenName=ActualidadRT&amp;theme=light&amp;widgetsVersion=219d021%3A1598982042171&amp;width=550px\"><\/iframe><\/figure>\n\n\n\n<p>En estos 20 a\u00f1os de lucha, se lograron algunos avances, como la&nbsp;<strong>despenalizaci\u00f3n por causales en pa\u00edses como Chile o Colombia<\/strong>, que en general se refieren a la posibilidad de interrumpir el embarazo si la vida de la mujer o del feto est\u00e1n en peligro, si es producto de una violaci\u00f3n o por factores socioecon\u00f3micos.<\/p>\n\n\n\n<p>Los colectivos feministas consideran que estas legislaciones siguen siendo insuficientes. Por eso, la demanda permanente, y que este lunes se uni\u00f3 en un coro masivo que atraves\u00f3 el Continente, es legalizar el aborto sin restricciones para que las mujeres dejen de morir en intervenciones clandestinas.<\/p>\n\n\n\n<h3 class=\"wp-block-heading\">Movilizaciones<\/h3>\n\n\n\n<p>En 1990, durante el Quinto Encuentro Feminista Latinoamericano y del Caribe que se realiz\u00f3 en Argentina, las activistas eligieron el 28 de septiembre como fecha para conmemorar una jornada de lucha que, desde entonces, se ha realizado de manera ininterrumpida y que cada vez es m\u00e1s masiva debido al auge de los movimientos de mujeres.<\/p>\n\n\n\n<p>Gracias a esa construcci\u00f3n colectiva, de M\u00e9xico a Argentina, de Brasil a Chile, de Centroam\u00e9rica al Caribe, las feministas se movilizaron este lunes para recordar que, adem\u00e1s de provocar la muerte de miles de mujeres, la falta del derecho al aborto implica que&nbsp;<strong>ni\u00f1as y adolescentes sean forzadas a ser madres<\/strong>.<\/p>\n\n\n\n<figure><iframe allowfullscreen=\"true\" class=\"\" src=\"https:\/\/platform.twitter.com\/embed\/index.html?dnt=false&amp;embedId=twitter-widget-2&amp;frame=false&amp;hideCard=false&amp;hideThread=false&amp;id=1310595417663508485&amp;lang=es&amp;origin=https%3A%2F%2Factualidad.rt.com%2Factualidad%2F368098-feministas-america-latina-derecho-aborto&amp;siteScreenName=ActualidadRT&amp;theme=light&amp;widgetsVersion=219d021%3A1598982042171&amp;width=550px\"><\/iframe><\/figure>\n\n\n\n<p><strong>Alberto Fern\u00e1ndez, el presidente de Argentina, es el \u00fanico jefe de Estado latinoamericano que se ha manifestado abiertamente a favor de la legalizaci\u00f3n del aborto<\/strong>, e incluso es una de sus principales promesas de gobierno. Sin embargo, en los \u00faltimos meses posterg\u00f3 el env\u00edo de una iniciativa de ley al Congreso debido a la pandemia de coronavirus<\/p>\n\n\n\n<p>En respuesta, la v\u00edspera m\u00e1s de 500 personalidades publicaron un desplegado para advertir la urgencia de aprobar la legalizaci\u00f3n del aborto.<\/p>\n\n\n\n<p>\u00abInstamos al gobierno y a legisladoras y legisladores de todas las fuerzas pol\u00edticas a acordar la aprobaci\u00f3n de la Ley de Interrupci\u00f3n Voluntaria del Embarazo de manera urgente\u00bb, se\u00f1al\u00f3 la carta, que record\u00f3 que en este pa\u00eds se realizan aproximadamente 54 abortos por hora.<\/p>\n\n\n\n<p>\u00abSeg\u00fan las \u00faltimas estad\u00edsticas oficiales, 39.025 mujeres y ni\u00f1as ingresaron en hospitales por complicaciones de salud relacionadas con abortos en un solo a\u00f1o. El 16 % ten\u00eda entre 10 y 19 a\u00f1os, y esta es apenas una fracci\u00f3n del total de personas gestantes afectadas.&nbsp;<strong>El aborto inseguro deja muertes y secuelas a corto y a largo plazo<\/strong>. Necesitamos que el Estado cuide la salud de mujeres, ni\u00f1as y adolescentes de la Argentina\u00bb, agreg\u00f3.<\/p>\n\n\n\n<figure><iframe allowfullscreen=\"true\" class=\"\" src=\"https:\/\/platform.twitter.com\/embed\/index.html?dnt=false&amp;embedId=twitter-widget-3&amp;frame=false&amp;hideCard=false&amp;hideThread=false&amp;id=1310245602043686913&amp;lang=es&amp;origin=https%3A%2F%2Factualidad.rt.com%2Factualidad%2F368098-feministas-america-latina-derecho-aborto&amp;siteScreenName=ActualidadRT&amp;theme=light&amp;widgetsVersion=219d021%3A1598982042171&amp;width=550px\"><\/iframe><\/figure>\n\n\n\n<p>Tambi\u00e9n consider\u00f3 fundamental que en este tema se dejen de lado las disputas pol\u00edticas y se priorice el cuidado de la salud de las mujeres. \u00abNecesitamos de legisladoras y legisladores un acuerdo que nos permita tener una ley para que no mueran m\u00e1s mujeres, ni pongan en riesgo su salud, por causas evitables. El aborto legal, seguro y gratuito es una urgencia\u00bb, afirmaron.<\/p>\n\n\n\n<p>La primera firma del desplegado, que este lunes ya superaba los 2.500 nombres, es la de Bel\u00e9n, una joven que fue condenada por tener un aborto espont\u00e1neo y que logr\u00f3 su liberaci\u00f3n en 2017, gracias al activismo feminista que demostr\u00f3 la injusticia a la que estaba siendo sometida. <\/p>\n\n\n\n<p>Fuente: RT. <\/p>\n","protected":false},"excerpt":{"rendered":"<p>Algunas mujeres marcharon o publicaron desplegados en los diarios. Otras se plantaron frente a los parlamentos de diversos pa\u00edses, juntaron firmas para exigir respuestas a los gobiernos y organizaron \u00abpa\u00f1uelazos\u00bb reales o virtuales. Y todas se movilizaron en las redes sociales para promover el derecho a la interrupci\u00f3n voluntaria del embarazo. El activismo se hizo [&hellip;]<\/p>\n","protected":false},"author":44079,"featured_media":71912,"comment_status":"open","ping_status":"open","sticky":false,"template":"","format":"standard","meta":{"footnotes":""},"categories":[1],"tags":[],"class_list":["post-71910","post","type-post","status-publish","format-standard","has-post-thumbnail","hentry","category-entretenimiento"],"_links":{"self":[{"href":"https:\/\/2horizontes.com\/index.php?rest_route=\/wp\/v2\/posts\/71910","targetHints":{"allow":["GET"]}}],"collection":[{"href":"https:\/\/2horizontes.com\/index.php?rest_route=\/wp\/v2\/posts"}],"about":[{"href":"https:\/\/2horizontes.com\/index.php?rest_route=\/wp\/v2\/types\/post"}],"author":[{"embeddable":true,"href":"https:\/\/2horizontes.com\/index.php?rest_route=\/wp\/v2\/users\/44079"}],"replies":[{"embeddable":true,"href":"https:\/\/2horizontes.com\/index.php?rest_route=%2Fwp%2Fv2%2Fcomments&post=71910"}],"version-history":[{"count":1,"href":"https:\/\/2horizontes.com\/index.php?rest_route=\/wp\/v2\/posts\/71910\/revisions"}],"predecessor-version":[{"id":71911,"href":"https:\/\/2horizontes.com\/index.php?rest_route=\/wp\/v2\/posts\/71910\/revisions\/71911"}],"wp:featuredmedia":[{"embeddable":true,"href":"https:\/\/2horizontes.com\/index.php?rest_route=\/wp\/v2\/media\/71912"}],"wp:attachment":[{"href":"https:\/\/2horizontes.com\/index.php?rest_route=%2Fwp%2Fv2%2Fmedia&parent=71910"}],"wp:term":[{"taxonomy":"category","embeddable":true,"href":"https:\/\/2horizontes.com\/index.php?rest_route=%2Fwp%2Fv2%2Fcategories&post=71910"},{"taxonomy":"post_tag","embeddable":true,"href":"https:\/\/2horizontes.com\/index.php?rest_route=%2Fwp%2Fv2%2Ftags&post=71910"}],"curies":[{"name":"wp","href":"https:\/\/api.w.org\/{rel}","templated":true}]}}