{"id":71894,"date":"2020-09-25T16:13:33","date_gmt":"2020-09-25T15:13:33","guid":{"rendered":"http:\/\/2horizontes.com\/?p=71894"},"modified":"2020-09-25T16:56:51","modified_gmt":"2020-09-25T15:56:51","slug":"madrid-amplia-las-restricciones-de-movilidad-a-otras-8-zonas-mientras-el-gobierno-recomienda-el-confinamiento-total-de-la-ciudad","status":"publish","type":"post","link":"https:\/\/2horizontes.com\/?p=71894","title":{"rendered":"Madrid ampl\u00eda las restricciones de movilidad a otras 8 zonas mientras el Gobierno recomienda el confinamiento total de la ciudad"},"content":{"rendered":"\n<p>La Comunidad de Madrid (CAM) ha anunciado este viernes que aumenta&nbsp;<strong>de 37 a 45 las zonas b\u00e1sicas de salud<\/strong>&nbsp;de la regi\u00f3n que se ver\u00e1n sometidas a partir del pr\u00f3ximo lunes a restricciones para frenar la escalada de la propagaci\u00f3n del coronavirus durante esta segunda ola.<\/p>\n\n\n\n<p>Las nuevas ocho zonas, repartidas entre el<strong>&nbsp;sur de la capital del pa\u00eds y en municipios del sur de la regi\u00f3n<\/strong>, albergan a alrededor de 145.000 habitantes, lo que supone que a partir de la semana que viene en total&nbsp;<strong>m\u00e1s de un mill\u00f3n de madrile\u00f1os<\/strong>&nbsp;tendr\u00e1n que hacer frente a las medidas restrictivas.<\/p>\n\n\n\n<p>Los vecinos de estas zonas tienen&nbsp;<strong>prohibido salir o entrar<\/strong>&nbsp;de ellas, salvo por motivos justificados, como la asistencia al puesto de trabajo, al centro escolar, o el cuidado de menores o mayores, entre otras. Adem\u00e1s, los bares y negocios de restauraci\u00f3n tienen&nbsp;<strong>limitado su horario<\/strong>&nbsp;hasta las 22.00 horas y los&nbsp;<strong>parques y jardines p\u00fablicos permanecen cerrados<\/strong>.<\/p>\n\n\n\n<h3 class=\"wp-block-heading\">Encontronazo entre el Ministerio de Sanidad y la Comunidad de Madrid<\/h3>\n\n\n\n<p>Justo a la misma hora en la que ha comparecido el viceconsejero de Sanidad de la Comunidad de Madrid, Antonio Zapatero,&nbsp;ha tenido lugar la rueda de prensa del ministro de Sanidad, Salvador Illa, que ha anunciado las&nbsp;<strong>cuatro recomendaciones<\/strong>&nbsp;que su ministerio ha realizado a los responsables de la CAM.<\/p>\n\n\n\n<p>Illa ha informado que recomiendan la implementaci\u00f3n de las\u00a0<strong>restricciones a toda la ciudad de Madrid<\/strong>, as\u00ed como a otros municipios de la regi\u00f3n que superen la incidencia acumulada de 500 casos cada 100.000 habitantes. Las otras tres medidas que se deber\u00edan implementar, seg\u00fan Sanidad, son\u00a0la eliminaci\u00f3n del servicio de barra y la reducci\u00f3n de aforo en las terrazas en los negocios de restauraci\u00f3n, as\u00ed como la recomendaci\u00f3n de restringir los movimientos no necesarios.<\/p>\n\n\n\n<p>Zapatero ha justificado que&nbsp;<strong>no se hayan recogido las recomendaciones del Ministerio<\/strong>&nbsp;en las medidas aprobadas hoy aduciendo que a otras regiones del pa\u00eds con una incidencia acumulada superior a 600 no se le han propuesto esas mismas normas. Actualmente, la \u00fanica regi\u00f3n que supera esa tasa, adem\u00e1s de Madrid, es Navarra, con 658 casos cada 100.000 habitantes.<\/p>\n\n\n\n<p>El viceconsejero de Sanidad de la CAM&nbsp;<strong>ha pedido criterios homog\u00e9neos<\/strong>&nbsp;para todas las regiones, despu\u00e9s de que el pasado viernes, la presidenta madrile\u00f1a, Isabel D\u00edaz Ayuso,&nbsp;<strong>reclamase un trato diferenciado para su comunidad<\/strong>&nbsp;aut\u00f3noma, atendiendo a sus particularidades, como la densidad de poblaci\u00f3n o que se trata del centro de las comunicaciones del pa\u00eds.<\/p>\n\n\n\n<p>La regi\u00f3n capitalina es la m\u00e1s afectada durante esta segunda ola. Ha diagnosticado&nbsp;casi<strong>&nbsp;50.000 positivos de coronavirus en los \u00faltimos 14 d\u00edas<\/strong>&nbsp;(210.000 desde que comenz\u00f3 la pandemia) y su tasa est\u00e1 disparada hasta los 746 casos cada 100.000 habitantes, con el 26 % de sus camas hospitalarias y el 39 % de las de unidades de cuidados intensivos (UCI) ocupadas ya por pacientes covid.<\/p>\n\n\n\n<h3 class=\"wp-block-heading\">Protestas en los barrios &#8216;confinados&#8217;<\/h3>\n\n\n\n<p>Desde que se anunciaran el pasado viernes las limitaciones en esas tres docenas de \u00e1reas b\u00e1sicas de salud las movilizaciones se han sucedido, como la convocatoria ante los centros de salud para&nbsp;<strong>exigir el refuerzo del sistema sanitario<\/strong>, en especial de los centros de atenci\u00f3n primaria, colapsados desde hace meses.<\/p>\n\n\n\n<p>Fuente: RT. <\/p>\n","protected":false},"excerpt":{"rendered":"<p>La Comunidad de Madrid (CAM) ha anunciado este viernes que aumenta&nbsp;de 37 a 45 las zonas b\u00e1sicas de salud&nbsp;de la regi\u00f3n que se ver\u00e1n sometidas a partir del pr\u00f3ximo lunes a restricciones para frenar la escalada de la propagaci\u00f3n del coronavirus durante esta segunda ola. Las nuevas ocho zonas, repartidas entre el&nbsp;sur de la capital [&hellip;]<\/p>\n","protected":false},"author":44079,"featured_media":71895,"comment_status":"open","ping_status":"open","sticky":false,"template":"","format":"standard","meta":{"footnotes":""},"categories":[40,45],"tags":[],"class_list":["post-71894","post","type-post","status-publish","format-standard","has-post-thumbnail","hentry","category-internacionales","category-salud"],"_links":{"self":[{"href":"https:\/\/2horizontes.com\/index.php?rest_route=\/wp\/v2\/posts\/71894","targetHints":{"allow":["GET"]}}],"collection":[{"href":"https:\/\/2horizontes.com\/index.php?rest_route=\/wp\/v2\/posts"}],"about":[{"href":"https:\/\/2horizontes.com\/index.php?rest_route=\/wp\/v2\/types\/post"}],"author":[{"embeddable":true,"href":"https:\/\/2horizontes.com\/index.php?rest_route=\/wp\/v2\/users\/44079"}],"replies":[{"embeddable":true,"href":"https:\/\/2horizontes.com\/index.php?rest_route=%2Fwp%2Fv2%2Fcomments&post=71894"}],"version-history":[{"count":2,"href":"https:\/\/2horizontes.com\/index.php?rest_route=\/wp\/v2\/posts\/71894\/revisions"}],"predecessor-version":[{"id":71897,"href":"https:\/\/2horizontes.com\/index.php?rest_route=\/wp\/v2\/posts\/71894\/revisions\/71897"}],"wp:featuredmedia":[{"embeddable":true,"href":"https:\/\/2horizontes.com\/index.php?rest_route=\/wp\/v2\/media\/71895"}],"wp:attachment":[{"href":"https:\/\/2horizontes.com\/index.php?rest_route=%2Fwp%2Fv2%2Fmedia&parent=71894"}],"wp:term":[{"taxonomy":"category","embeddable":true,"href":"https:\/\/2horizontes.com\/index.php?rest_route=%2Fwp%2Fv2%2Fcategories&post=71894"},{"taxonomy":"post_tag","embeddable":true,"href":"https:\/\/2horizontes.com\/index.php?rest_route=%2Fwp%2Fv2%2Ftags&post=71894"}],"curies":[{"name":"wp","href":"https:\/\/api.w.org\/{rel}","templated":true}]}}