{"id":71890,"date":"2020-09-24T14:20:01","date_gmt":"2020-09-24T13:20:01","guid":{"rendered":"http:\/\/2horizontes.com\/?p=71890"},"modified":"2020-09-24T14:20:04","modified_gmt":"2020-09-24T13:20:04","slug":"canciller-reafirma-lazos-con-italia","status":"publish","type":"post","link":"https:\/\/2horizontes.com\/?p=71890","title":{"rendered":"Canciller reafirma lazos con Italia"},"content":{"rendered":"\n<p>El ministro de Relaciones Exteriores, Roberto \u00c1lvarez, expres\u00f3 el compromiso del Gobierno dominicano de relanzar las relaciones del pa\u00eds con Italia, durante su participaci\u00f3n como orador principal con la conferencia titulada \u201cPol\u00edtica exterior y comercial de la Rep\u00fablica Dominicana, en el contex\u00adto econ\u00f3mico actual condi\u00adcionado por COVID-19\u201d, la cual da inicio al ciclo de en\u00adcuentros virtuales que orga\u00adniza la C\u00e1mara de Comer\u00adcio Dominico-Italiana junto a la embajada de Italia en Santo Domingo.<\/p>\n\n\n\n<p>El canciller dominicano destac\u00f3 las prioridades de la nueva pol\u00edtica exterior del actual gobierno, el valor de la Inversi\u00f3n Extranjera Directa (IED), los acuerdos establecidos y el intercam\u00adbio bilateral, as\u00ed como los desaf\u00edos del contexto actual que han surgido a partir de la pandemia.<\/p>\n\n\n\n<p>El embajador de Italia en Rep\u00fablica Dominicana, An\u00addrea Canepari, reconoci\u00f3 los importantes lazos diplo\u00adm\u00e1ticos y comerciales que han caracterizado a ambas naciones a lo largo de la his\u00adtoria e hizo \u00e9nfasis en el in\u00adter\u00e9s del pa\u00eds europeo en relanzar los intercambios econ\u00f3micos con el pa\u00eds.<\/p>\n\n\n\n<p>En materia de coopera\u00adci\u00f3n, resalt\u00f3 que el pa\u00eds se ha beneficiado principal\u00admente de la alta tecnolog\u00eda italiana aplicada a la indus\u00adtria agropecuaria y artesa\u00adnal, como de la oferta de becas para la formaci\u00f3n profesional y acad\u00e9mica de los j\u00f3venes dominicanos.<\/p>\n\n\n\n<p><strong>Turismo<\/strong><\/p>\n\n\n\n<p>El a\u00f1o pasado el pa\u00eds reci\u00adbi\u00f3 alrededor de 93,000 tu\u00adristas, colocando a Italia en el puesto seis con relaci\u00f3n a Europa, luego de Francia, Rusia, Alemania, Espa\u00f1a e Inglaterra, se\u00f1al\u00f3 el Canci\u00adller dominicano durante la conferencia virtual.<\/p>\n\n\n\n<p>&nbsp;<strong>MERCADOS<\/strong><\/p>\n\n\n\n<p><strong>Roberto \u00c1lvarez<\/strong><\/p>\n\n\n\n<p>Destac\u00f3 que existe un gran potencial en el mercado del ron, donde Italia ha ido aumentado cada a\u00f1o sus importa\u00adciones globales. Se\u00f1al\u00f3 que el sector privado ita\u00adliano ha sido clave para la IED en el pa\u00eds, ya que solo en 2019 se invirtie\u00adron US$57 MM.<\/p>\n\n\n\n<p>Fuente: List\u00edn Diario. <\/p>\n","protected":false},"excerpt":{"rendered":"<p>El ministro de Relaciones Exteriores, Roberto \u00c1lvarez, expres\u00f3 el compromiso del Gobierno dominicano de relanzar las relaciones del pa\u00eds con Italia, durante su participaci\u00f3n como orador principal con la conferencia titulada \u201cPol\u00edtica exterior y comercial de la Rep\u00fablica Dominicana, en el contex\u00adto econ\u00f3mico actual condi\u00adcionado por COVID-19\u201d, la cual da inicio al ciclo de en\u00adcuentros [&hellip;]<\/p>\n","protected":false},"author":44079,"featured_media":71891,"comment_status":"open","ping_status":"open","sticky":false,"template":"","format":"standard","meta":{"footnotes":""},"categories":[40],"tags":[],"class_list":["post-71890","post","type-post","status-publish","format-standard","has-post-thumbnail","hentry","category-internacionales"],"_links":{"self":[{"href":"https:\/\/2horizontes.com\/index.php?rest_route=\/wp\/v2\/posts\/71890","targetHints":{"allow":["GET"]}}],"collection":[{"href":"https:\/\/2horizontes.com\/index.php?rest_route=\/wp\/v2\/posts"}],"about":[{"href":"https:\/\/2horizontes.com\/index.php?rest_route=\/wp\/v2\/types\/post"}],"author":[{"embeddable":true,"href":"https:\/\/2horizontes.com\/index.php?rest_route=\/wp\/v2\/users\/44079"}],"replies":[{"embeddable":true,"href":"https:\/\/2horizontes.com\/index.php?rest_route=%2Fwp%2Fv2%2Fcomments&post=71890"}],"version-history":[{"count":1,"href":"https:\/\/2horizontes.com\/index.php?rest_route=\/wp\/v2\/posts\/71890\/revisions"}],"predecessor-version":[{"id":71892,"href":"https:\/\/2horizontes.com\/index.php?rest_route=\/wp\/v2\/posts\/71890\/revisions\/71892"}],"wp:featuredmedia":[{"embeddable":true,"href":"https:\/\/2horizontes.com\/index.php?rest_route=\/wp\/v2\/media\/71891"}],"wp:attachment":[{"href":"https:\/\/2horizontes.com\/index.php?rest_route=%2Fwp%2Fv2%2Fmedia&parent=71890"}],"wp:term":[{"taxonomy":"category","embeddable":true,"href":"https:\/\/2horizontes.com\/index.php?rest_route=%2Fwp%2Fv2%2Fcategories&post=71890"},{"taxonomy":"post_tag","embeddable":true,"href":"https:\/\/2horizontes.com\/index.php?rest_route=%2Fwp%2Fv2%2Ftags&post=71890"}],"curies":[{"name":"wp","href":"https:\/\/api.w.org\/{rel}","templated":true}]}}