{"id":71887,"date":"2020-09-24T13:02:02","date_gmt":"2020-09-24T12:02:02","guid":{"rendered":"http:\/\/2horizontes.com\/?p=71887"},"modified":"2020-09-24T13:02:05","modified_gmt":"2020-09-24T12:02:05","slug":"eeuu-policias-heridos-y-decenas-de-detenidos-en-disturbios-raciales","status":"publish","type":"post","link":"https:\/\/2horizontes.com\/?p=71887","title":{"rendered":"EEUU: Polic\u00edas heridos y decenas de detenidos en disturbios raciales"},"content":{"rendered":"\n<ul class=\"wp-block-list\"><li>\u00a0<\/li><\/ul>\n\n\n\n<figure><iframe loading=\"lazy\" width=\"500\" height=\"281\" src=\"https:\/\/www.youtube.com\/embed\/wU_GAwNbi9g?feature=oembed&amp;wmode=opaque\" allowfullscreen=\"\"><\/iframe><\/figure>\n\n\n\n<p>NUEVA YORK.- Al menos dos polic\u00edas resultaron heridos de bala y 46 personas fueron detenidas&nbsp;en una noche de protestas y disturbios violentos en Louisville (Kentucky), despu\u00e9s de que la Fiscal\u00eda de estado decidiera no imputar de asesinato a ning\u00fan agente de polic\u00eda involucrado&nbsp;en la muerte a tiros en un registro domiciliario de la afroamericana Breonna Taylor&nbsp;en marzo.<\/p>\n\n\n\n<p>Nada m\u00e1s de conocerse la decisi\u00f3n de la Fiscal\u00eda, centenares de personas salieron a manifestarse en Louisville, donde resid\u00eda Taylor, as\u00ed como en Nueva York, Washington D.C., Atlanta, Colorado o Los \u00c1ngeles, donde se repiti\u00f3 el clamor por la justicia social y el fin del racismo que ha llevado a miles de personas a las calles desde mayo en Estados Unidos.<\/p>\n\n\n\n\n\n<p>El fiscal general de Kentucky, Daniel Cameron, anunci\u00f3 este mi\u00e9rcoles que&nbsp;\u00abdespu\u00e9s de una investigaci\u00f3n exhaustiva\u00bb no ve\u00edan razones para acusar de asesinato a ninguno de los tres agentes&nbsp;que en marzo irrumpieron en el apartamento de Taylor, operadora de emergencias m\u00e9dicas de 26 a\u00f1os, para ejecutar un registro relacionado con una investigaci\u00f3n sobre menudeo de drogas de un exnovio de la mujer.<\/p>\n\n\n\n<p>Seg\u00fan algunos testigos, los agentes no se identificaron pese a que era de noche e iban vestidos de civiles. Los agentes respondieron con una lluvia indiscriminada de m\u00e1s de treinta disparos despu\u00e9s de que Kenneth Walker, novio de Taylor, disparara contra ellos al pensar que eran unos intrusos.<\/p>\n\n\n\n<p>Taylor, que descansaba en su cama, falleci\u00f3 por los disparos y desde entonces su caso se ha convertido en un s\u00edmbolo de la lucha por la igualdad racial&nbsp;y contra la brutalidad policial que sufren los afroamericanos en Estados Unidos y que desde mayo, con la muerte del George Floyd en Mine\u00e1polis, ha motivado protestas y disturbios en todo el pa\u00eds.<\/p>\n\n\n\n<p>El fiscal, que se bas\u00f3 en el dictamen de un gran jurado, decidi\u00f3 este mi\u00e9rcoles que solo acusar\u00e1 al expolic\u00eda Brett Hankinson por imprudencia temeraria al haber disparado contra una vivienda vecina a la de Taylor, en ning\u00fan caso por nada que desembocara en la muerte de la mujer afroamericana.<\/p>\n\n\n\n<h3 class=\"wp-block-heading\">Estado de emergencia en Louisville<\/h3>\n\n\n\n<p>Hankinson qued\u00f3 en libertad tras pagar una fianza de 15.000 d\u00f3lares, mientras que los agentes Jonathan Mattingly y Myles Cosgrove, quienes realizaron los disparos que alcanzaron a Taylor, fueron exculpados porque su actuaci\u00f3n estuvo \u00abjustificada\u00bb, seg\u00fan las conclusiones de la Fiscal\u00eda.<\/p>\n\n\n\n<p>Ante la posibilidad de que se produjeran altercados, las autoridades de Louisville decidieron declarar el estado de emergencia, cerrar comercios y oficinas y declarar un toque de queda a partir de las 9 de la noche y hasta las 6 de la ma\u00f1ana.<\/p>\n\n\n\n<p>Seg\u00fan el jefe interino de la Polic\u00eda de Louisville, Robert Schroeder, dos polic\u00edas sufrieron heridas por impactos de bala y fueron trasladados a un hospital donde fueron estabilizados, aunque uno de ellos necesit\u00f3 cirug\u00eda.<\/p>\n\n\n\n<p>Schroeder explic\u00f3 que detuvieron a un sospechoso de los disparos, que seg\u00fan v\u00eddeos que circulan por las redes sociales se habr\u00edan producido cuando agentes antidisturbios intentaban desplazar a algunos manifestantes.<\/p>\n\n\n\n<p>Las protestas se saldaron con m\u00e1s de 46 detenidos y algunos da\u00f1os materiales por fuegos en el centro administrativo de la ciudad, donde desde hace meses se celebran protestas por la muerte de Taylor.<\/p>\n\n\n\n<p>Trump alab\u00f3 en rueda de prensa la decisi\u00f3n de Cameron de no hacer \u00abjusticia de muchedumbre\u00bb y de sobreponerse a las presiones de la opini\u00f3n p\u00fablica.<\/p>\n\n\n\n<p>Asimismo, expres\u00f3 en Twitter su pesar por los agentes heridos y ofreci\u00f3 ayuda a la ciudad con el despliegue de agentes federales en una llamada con el gobernador de Kentucky, el dem\u00f3crata Andy Beshear. \u00abEstamos dispuestos a trabajar juntos en cuanto se nos requiera\u00bb, dijo.<\/p>\n\n\n\n<p>El mandatario ha centrado su mensaje en esta recta final antes de las elecciones presidenciales de noviembre en pedir \u00abley y orden\u00bb y mano dura contra los manifestantes, sin recurrir a ning\u00fan gesto reconciliaci\u00f3n o que reconozca el racismo sist\u00e9mico de algunas insituciones, entre ellas la Polic\u00eda.<\/p>\n\n\n\n<p>El ayuntamiento de Louisville acord\u00f3 el mes pasado pagar 12 millones de d\u00f3lares a la familia de Taylor por su muerte, uno de los acuerdo por una muerte de brutalidad policial contra afroamericanos m\u00e1s altos.<\/p>\n\n\n\n<p>El alcalde Louisville, Greg Fischer, desvincul\u00f3 en rueda de prensa ese acuerdo de exoneraci\u00f3n de los agentes por la v\u00eda penal y asegur\u00f3 que la cantidad quiere abrir una v\u00eda a la \u00abreconciliaci\u00f3n\u00bb en la ciudad.<\/p>\n\n\n\n<p>El regidor tambi\u00e9n record\u00f3 que el Bur\u00f3 Federal de Investigaci\u00f3n (FBI) mantiene una investigaci\u00f3n penal sobre el caso y el Departamento de Polic\u00eda de la ciudad est\u00e1 revisando si algunos de los procedimientos policiales que llevaron a la muerte de Taylor, que no hab\u00eda sido acusada de ning\u00fan delito o presentada con una orden de registro, necesitan cambios.<\/p>\n\n\n\n<p>of-am<\/p>\n","protected":false},"excerpt":{"rendered":"<p>\u00a0 NUEVA YORK.- Al menos dos polic\u00edas resultaron heridos de bala y 46 personas fueron detenidas&nbsp;en una noche de protestas y disturbios violentos en Louisville (Kentucky), despu\u00e9s de que la Fiscal\u00eda de estado decidiera no imputar de asesinato a ning\u00fan agente de polic\u00eda involucrado&nbsp;en la muerte a tiros en un registro domiciliario de la afroamericana [&hellip;]<\/p>\n","protected":false},"author":4,"featured_media":71888,"comment_status":"open","ping_status":"open","sticky":false,"template":"","format":"standard","meta":{"footnotes":""},"categories":[54,40,83],"tags":[],"class_list":["post-71887","post","type-post","status-publish","format-standard","has-post-thumbnail","hentry","category-emigrantes","category-internacionales","category-reportajes"],"_links":{"self":[{"href":"https:\/\/2horizontes.com\/index.php?rest_route=\/wp\/v2\/posts\/71887","targetHints":{"allow":["GET"]}}],"collection":[{"href":"https:\/\/2horizontes.com\/index.php?rest_route=\/wp\/v2\/posts"}],"about":[{"href":"https:\/\/2horizontes.com\/index.php?rest_route=\/wp\/v2\/types\/post"}],"author":[{"embeddable":true,"href":"https:\/\/2horizontes.com\/index.php?rest_route=\/wp\/v2\/users\/4"}],"replies":[{"embeddable":true,"href":"https:\/\/2horizontes.com\/index.php?rest_route=%2Fwp%2Fv2%2Fcomments&post=71887"}],"version-history":[{"count":1,"href":"https:\/\/2horizontes.com\/index.php?rest_route=\/wp\/v2\/posts\/71887\/revisions"}],"predecessor-version":[{"id":71889,"href":"https:\/\/2horizontes.com\/index.php?rest_route=\/wp\/v2\/posts\/71887\/revisions\/71889"}],"wp:featuredmedia":[{"embeddable":true,"href":"https:\/\/2horizontes.com\/index.php?rest_route=\/wp\/v2\/media\/71888"}],"wp:attachment":[{"href":"https:\/\/2horizontes.com\/index.php?rest_route=%2Fwp%2Fv2%2Fmedia&parent=71887"}],"wp:term":[{"taxonomy":"category","embeddable":true,"href":"https:\/\/2horizontes.com\/index.php?rest_route=%2Fwp%2Fv2%2Fcategories&post=71887"},{"taxonomy":"post_tag","embeddable":true,"href":"https:\/\/2horizontes.com\/index.php?rest_route=%2Fwp%2Fv2%2Ftags&post=71887"}],"curies":[{"name":"wp","href":"https:\/\/api.w.org\/{rel}","templated":true}]}}