{"id":7181,"date":"2015-05-15T15:26:42","date_gmt":"2015-05-15T14:26:42","guid":{"rendered":"http:\/\/2horizontes.com\/?p=7181"},"modified":"2015-05-15T15:27:54","modified_gmt":"2015-05-15T14:27:54","slug":"samo-cambia-conciertos-para-no-encontrarse-con-camila","status":"publish","type":"post","link":"https:\/\/2horizontes.com\/?p=7181","title":{"rendered":"SAMO CAMBIA CONCIERTOS PARA NO ENCONTRARSE CON &#8216;CAMILA&#8217;"},"content":{"rendered":"<p>El pr\u00f3ximo fin de semana,\u00a0<b>Samo<\/b> se iba a presentar en Argentina y Paraguay, pero debido a que sus ex compa\u00f1eros de <b>Camila\u00a0<\/b>tambi\u00e9n tienen fechas en el primer pa\u00eds mencionado, el cantante decidi\u00f3 cambiar sus shows, aparentemente por no hacer elegir a sus fans, \u00bfser\u00e1 que a\u00fan tienen problemas por su separaci\u00f3n.<\/p>\n<p>\u00abPara m\u00ed el p\u00fablico es lo m\u00e1s importante, sin ellos el artista no es nada, mi p\u00fablico y la gente que desea verme en mis conciertos merece, y tiene todo mi respeto y cari\u00f1o; dado a que mis ex compa\u00f1eros anunciaron su gira casi en las mismas fechas que las m\u00edas, mi equipo y yo decidimos corrernos para no poner al p\u00fablico y fans en una inc\u00f3moda situaci\u00f3n de elecci\u00f3n, llevando en consideraci\u00f3n que ambos somos importantes para nuestros fans\u00bb, se\u00f1al\u00f3 <b>Samo\u00a0<\/b>en un comunicado.<\/p>\n<p><img decoding=\"async\" class=\"tvsaimg-loaded\" title=\"Camila.\" src=\"http:\/\/i2.esmas.com\/2015\/05\/14\/768019\/camila-610x450.jpg\" alt=\"Camila.\" border=\"0\" \/><\/p>\n<p>Las nuevas fechas en dichos pa\u00edses se recorrieron hasta el mes de septiembre y los boletos adquiridos seguir\u00e1n teniendo la misma validez.<\/p>\n<p>&nbsp;<\/p>\n<p>Se dice que ante esta situaci\u00f3n, <b>Mario Domm<\/b>, creador y l\u00edder de <b>Camila<\/b>, coment\u00f3 \u00abgustas o no gustas\u00bb, indicando que quiz\u00e1 el cambio de fechas era porque no hab\u00eda vendido lo suficiente, por lo que <b>Samo<\/b> contest\u00f3: \u00abMi compa\u00f1ero tiene toda la raz\u00f3n, gustas o no gustas, pero yo he tenido la fortuna de tener el apoyo del p\u00fablico siempre\u00bb<\/p>\n","protected":false},"excerpt":{"rendered":"<p>El pr\u00f3ximo fin de semana,\u00a0Samo se iba a presentar en Argentina y Paraguay, pero debido a que sus ex compa\u00f1eros de Camila\u00a0tambi\u00e9n tienen fechas en el primer pa\u00eds mencionado, el cantante decidi\u00f3 cambiar sus shows, aparentemente por no hacer elegir a sus fans, \u00bfser\u00e1 que a\u00fan tienen problemas por su separaci\u00f3n. \u00abPara m\u00ed el p\u00fablico [&hellip;]<\/p>\n","protected":false},"author":3,"featured_media":7187,"comment_status":"open","ping_status":"open","sticky":false,"template":"","format":"standard","meta":{"footnotes":""},"categories":[1],"tags":[],"class_list":["post-7181","post","type-post","status-publish","format-standard","has-post-thumbnail","hentry","category-entretenimiento"],"_links":{"self":[{"href":"https:\/\/2horizontes.com\/index.php?rest_route=\/wp\/v2\/posts\/7181","targetHints":{"allow":["GET"]}}],"collection":[{"href":"https:\/\/2horizontes.com\/index.php?rest_route=\/wp\/v2\/posts"}],"about":[{"href":"https:\/\/2horizontes.com\/index.php?rest_route=\/wp\/v2\/types\/post"}],"author":[{"embeddable":true,"href":"https:\/\/2horizontes.com\/index.php?rest_route=\/wp\/v2\/users\/3"}],"replies":[{"embeddable":true,"href":"https:\/\/2horizontes.com\/index.php?rest_route=%2Fwp%2Fv2%2Fcomments&post=7181"}],"version-history":[{"count":1,"href":"https:\/\/2horizontes.com\/index.php?rest_route=\/wp\/v2\/posts\/7181\/revisions"}],"predecessor-version":[{"id":7186,"href":"https:\/\/2horizontes.com\/index.php?rest_route=\/wp\/v2\/posts\/7181\/revisions\/7186"}],"wp:featuredmedia":[{"embeddable":true,"href":"https:\/\/2horizontes.com\/index.php?rest_route=\/wp\/v2\/media\/7187"}],"wp:attachment":[{"href":"https:\/\/2horizontes.com\/index.php?rest_route=%2Fwp%2Fv2%2Fmedia&parent=7181"}],"wp:term":[{"taxonomy":"category","embeddable":true,"href":"https:\/\/2horizontes.com\/index.php?rest_route=%2Fwp%2Fv2%2Fcategories&post=7181"},{"taxonomy":"post_tag","embeddable":true,"href":"https:\/\/2horizontes.com\/index.php?rest_route=%2Fwp%2Fv2%2Ftags&post=7181"}],"curies":[{"name":"wp","href":"https:\/\/api.w.org\/{rel}","templated":true}]}}