{"id":71791,"date":"2020-09-16T14:43:29","date_gmt":"2020-09-16T13:43:29","guid":{"rendered":"http:\/\/2horizontes.com\/?p=71791"},"modified":"2020-09-16T14:43:31","modified_gmt":"2020-09-16T13:43:31","slug":"ya-son-cinco-los-fallecidos-por-el-virus-del-nilo-en-espana-y-hay-29-casos-confirmados","status":"publish","type":"post","link":"https:\/\/2horizontes.com\/?p=71791","title":{"rendered":"Ya son cinco los fallecidos por el virus del Nilo en Espa\u00f1a y hay 29 casos confirmados"},"content":{"rendered":"\n<p>Un hombre residente en el municipio de Vejer de la Frontera, en la provincia de C\u00e1diz (sur de Espa\u00f1a), se ha convertido en la quinta v\u00edctima mortal del virus del Nilo en este pa\u00eds, seg\u00fan ha confirmado el alcalde de la localidad, Manuel Flor, que&nbsp;<a href=\"https:\/\/www.facebook.com\/franciscomanuel.florlara\/posts\/4401036719967345\" target=\"_blank\" rel=\"noreferrer noopener\">ha decretado<\/a>&nbsp;un d\u00eda de luto oficial.<\/p>\n\n\n\n<p>Este nuevo deceso es el\u00a0<strong>segundo producido en esta provincia<\/strong>\u00a0por\u00a0el virus, despu\u00e9s del de una mujer de 87 a\u00f1os, que estaba ingresada en el hospital de Puerto Real, y que\u00a0<a rel=\"noreferrer noopener\" href=\"https:\/\/actualidad.rt.com\/actualidad\/366650-virus-nilo-occidental-cuarta-victima-espana\" target=\"_blank\">falleci\u00f3 esta misma semana<\/a>.<\/p>\n\n\n\n<p>En total son ya&nbsp;<strong>29 los casos confirmados<\/strong>&nbsp;en Andaluc\u00eda: cinco en la provincia de C\u00e1diz y 24 en la de Sevilla. Las otras tres muertes han tenido lugar en esta \u00faltima regi\u00f3n: un hombre de 70 a\u00f1os, el 28 de agosto; una mujer de 85 a\u00f1os, el 21 de agosto, y un hombre de 77, el 20 del mismo mes.<\/p>\n\n\n\n<p>Los principales s\u00edntomas de&nbsp;<a href=\"https:\/\/actualidad.rt.com\/actualidad\/363918-virus-nilo-dos-muertes-espana\" target=\"_blank\" rel=\"noreferrer noopener\">esta enfermedad<\/a>&nbsp;son&nbsp;<strong>fiebre<\/strong>, dolor de cabeza, dolor en el cuerpo, dolor en las articulaciones, v\u00f3mitos, diarrea o sarpullidos, aunque en los casos m\u00e1s graves se puede padecer enfermedad neurol\u00f3gica grave y alrededor del&nbsp;<strong>10 % de estos pacientes fallecen<\/strong>.<\/p>\n\n\n\n<p>Se transmite a trav\u00e9s de la\u00a0<strong>picadura de un mosquito infectado<\/strong>\u00a0que,\u00a0a su vez, ha contra\u00eddo el pat\u00f3geno al alimentarse de aves infectadas, que son las principales portadoras del virus. <\/p>\n\n\n\n<p>Fuente: R.T.  <\/p>\n","protected":false},"excerpt":{"rendered":"<p>Un hombre residente en el municipio de Vejer de la Frontera, en la provincia de C\u00e1diz (sur de Espa\u00f1a), se ha convertido en la quinta v\u00edctima mortal del virus del Nilo en este pa\u00eds, seg\u00fan ha confirmado el alcalde de la localidad, Manuel Flor, que&nbsp;ha decretado&nbsp;un d\u00eda de luto oficial. Este nuevo deceso es el\u00a0segundo [&hellip;]<\/p>\n","protected":false},"author":44079,"featured_media":71792,"comment_status":"open","ping_status":"open","sticky":false,"template":"","format":"standard","meta":{"footnotes":""},"categories":[85],"tags":[],"class_list":["post-71791","post","type-post","status-publish","format-standard","has-post-thumbnail","hentry","category-espana"],"_links":{"self":[{"href":"https:\/\/2horizontes.com\/index.php?rest_route=\/wp\/v2\/posts\/71791","targetHints":{"allow":["GET"]}}],"collection":[{"href":"https:\/\/2horizontes.com\/index.php?rest_route=\/wp\/v2\/posts"}],"about":[{"href":"https:\/\/2horizontes.com\/index.php?rest_route=\/wp\/v2\/types\/post"}],"author":[{"embeddable":true,"href":"https:\/\/2horizontes.com\/index.php?rest_route=\/wp\/v2\/users\/44079"}],"replies":[{"embeddable":true,"href":"https:\/\/2horizontes.com\/index.php?rest_route=%2Fwp%2Fv2%2Fcomments&post=71791"}],"version-history":[{"count":1,"href":"https:\/\/2horizontes.com\/index.php?rest_route=\/wp\/v2\/posts\/71791\/revisions"}],"predecessor-version":[{"id":71793,"href":"https:\/\/2horizontes.com\/index.php?rest_route=\/wp\/v2\/posts\/71791\/revisions\/71793"}],"wp:featuredmedia":[{"embeddable":true,"href":"https:\/\/2horizontes.com\/index.php?rest_route=\/wp\/v2\/media\/71792"}],"wp:attachment":[{"href":"https:\/\/2horizontes.com\/index.php?rest_route=%2Fwp%2Fv2%2Fmedia&parent=71791"}],"wp:term":[{"taxonomy":"category","embeddable":true,"href":"https:\/\/2horizontes.com\/index.php?rest_route=%2Fwp%2Fv2%2Fcategories&post=71791"},{"taxonomy":"post_tag","embeddable":true,"href":"https:\/\/2horizontes.com\/index.php?rest_route=%2Fwp%2Fv2%2Ftags&post=71791"}],"curies":[{"name":"wp","href":"https:\/\/api.w.org\/{rel}","templated":true}]}}