{"id":7177,"date":"2015-05-15T15:22:36","date_gmt":"2015-05-15T14:22:36","guid":{"rendered":"http:\/\/2horizontes.com\/?p=7177"},"modified":"2015-05-15T15:22:36","modified_gmt":"2015-05-15T14:22:36","slug":"muere-nina-de-14-anos-chilena-que-le-pidio-ultimo-deseo-a-la-presidenta-chilena","status":"publish","type":"post","link":"https:\/\/2horizontes.com\/?p=7177","title":{"rendered":"Muere ni\u00f1a  de 14 a\u00f1os chilena que le pidi\u00f3 ultimo deseo a la presidenta chilena"},"content":{"rendered":"<p class=\"story-body__introduction\">Valentina Maureira, la ni\u00f1a que le pidi\u00f3 a la presidenta chilena, Michelle Bachelet, que le ayudase a \u00abdormir para siempre\u00bb falleci\u00f3 este jueves en el Hospital Cl\u00ednico de Santiago a los 14 a\u00f1os.<\/p>\n<p>Seg\u00fan informa la prensa local, la adolescente muri\u00f3 por complicaciones de la fibrosis qu\u00edstica que padec\u00eda desde los 8 a\u00f1os.<\/p>\n<p>El caso de Valentina se conoci\u00f3 cuando le pidi\u00f3 a la presidenta Bachelet que autorizara la eutanasia, aunque poco despu\u00e9s, la menor asegur\u00f3 haber cambiado de opini\u00f3n.<\/p>\n<p>Lea tambi\u00e9n: La ni\u00f1a que pidi\u00f3 eutanasia a Bachelet \u00abcambi\u00f3 de opini\u00f3n\u00bb<\/p>\n<p>\u00abEres una gran luchadora,pero como tu dijiste \u00abperdiste la batalla\u00bb. Gracias por cada momento de alegria y felicidad que me diste a mi y a muchas personas que compartimos contigo\u00bb, escribi\u00f3 su hermana Karime en su cuenta de Facebook.<\/p>\n<h2 class=\"story-body__crosshead\">\u00ab14 a\u00f1os de lucha\u00bb<\/h2>\n<p>La fibrosis qu\u00edstica afecta a m\u00faltiples \u00f3rganos, especialmente a los pulmones, y genera peri\u00f3dicas infecciones que deterioran los tejidos.<\/p>\n<figure class=\"media-landscape body-narrow-width has-caption\"><img loading=\"lazy\" decoding=\"async\" class=\"js-image-replace\" src=\"http:\/\/ichef.bbci.co.uk\/news\/ws\/304\/amz\/worldservice\/live\/assets\/images\/2015\/02\/26\/150226015139_valentina_maureira_304x171_valentinamaureira.jpg\" alt=\"Valentina Maureira\" width=\"304\" height=\"171\" \/><figcaption class=\"media-caption\"><span class=\"media-caption__text\">El hermano de Valentina falleci\u00f3 por la misma enfermedad.<\/span><\/figcaption><\/figure>\n<p>Es una enfermedad gen\u00e9tica incurable que causa la muerte a muchos menores, como el propio hermano de Valentina, que falleci\u00f3 a los 6 a\u00f1os de edad.<\/p>\n<p>\u00abHan sido 14 a\u00f1os de lucha, de d\u00eda a d\u00eda, y para mi familia ha sido m\u00e1s. Estoy cansada de seguir luchando, porque veo el mismo resultado siempre. Es muy cansador\u00bb, asegur\u00f3 Valentina a trav\u00e9s del tel\u00e9fono desde el hospital, en conversaci\u00f3n con BBC Mundo, en febrero de este a\u00f1o.<\/p>\n<p>Despu\u00e9s de que su petici\u00f3n, compartida por la red social YouTube, la propia Bachelet fue a visitar a la ni\u00f1a al hospital.<\/p>\n<p>Lea tambi\u00e9n: La ni\u00f1a que le pidi\u00f3 a Bachelet \u00abdormirla para siempre\u00bb<\/p>\n<p>En Chile, como en la mayor\u00eda de los pa\u00edses del mundo, la eutanasia y el suicidio asistido est\u00e1n prohibidos.<\/p>\n","protected":false},"excerpt":{"rendered":"<p>Valentina Maureira, la ni\u00f1a que le pidi\u00f3 a la presidenta chilena, Michelle Bachelet, que le ayudase a \u00abdormir para siempre\u00bb falleci\u00f3 este jueves en el Hospital Cl\u00ednico de Santiago a los 14 a\u00f1os. Seg\u00fan informa la prensa local, la adolescente muri\u00f3 por complicaciones de la fibrosis qu\u00edstica que padec\u00eda desde los 8 a\u00f1os. El caso [&hellip;]<\/p>\n","protected":false},"author":4,"featured_media":7183,"comment_status":"open","ping_status":"open","sticky":false,"template":"","format":"standard","meta":{"footnotes":""},"categories":[40,43,45],"tags":[],"class_list":["post-7177","post","type-post","status-publish","format-standard","has-post-thumbnail","hentry","category-internacionales","category-politica","category-salud"],"_links":{"self":[{"href":"https:\/\/2horizontes.com\/index.php?rest_route=\/wp\/v2\/posts\/7177","targetHints":{"allow":["GET"]}}],"collection":[{"href":"https:\/\/2horizontes.com\/index.php?rest_route=\/wp\/v2\/posts"}],"about":[{"href":"https:\/\/2horizontes.com\/index.php?rest_route=\/wp\/v2\/types\/post"}],"author":[{"embeddable":true,"href":"https:\/\/2horizontes.com\/index.php?rest_route=\/wp\/v2\/users\/4"}],"replies":[{"embeddable":true,"href":"https:\/\/2horizontes.com\/index.php?rest_route=%2Fwp%2Fv2%2Fcomments&post=7177"}],"version-history":[{"count":1,"href":"https:\/\/2horizontes.com\/index.php?rest_route=\/wp\/v2\/posts\/7177\/revisions"}],"predecessor-version":[{"id":7184,"href":"https:\/\/2horizontes.com\/index.php?rest_route=\/wp\/v2\/posts\/7177\/revisions\/7184"}],"wp:featuredmedia":[{"embeddable":true,"href":"https:\/\/2horizontes.com\/index.php?rest_route=\/wp\/v2\/media\/7183"}],"wp:attachment":[{"href":"https:\/\/2horizontes.com\/index.php?rest_route=%2Fwp%2Fv2%2Fmedia&parent=7177"}],"wp:term":[{"taxonomy":"category","embeddable":true,"href":"https:\/\/2horizontes.com\/index.php?rest_route=%2Fwp%2Fv2%2Fcategories&post=7177"},{"taxonomy":"post_tag","embeddable":true,"href":"https:\/\/2horizontes.com\/index.php?rest_route=%2Fwp%2Fv2%2Ftags&post=7177"}],"curies":[{"name":"wp","href":"https:\/\/api.w.org\/{rel}","templated":true}]}}