{"id":71761,"date":"2020-09-10T21:22:19","date_gmt":"2020-09-10T20:22:19","guid":{"rendered":"http:\/\/2horizontes.com\/?p=71761"},"modified":"2020-09-10T21:22:21","modified_gmt":"2020-09-10T20:22:21","slug":"la-pelicula-malpaso-representara-a-republica-dominicana-en-los-premios-goya","status":"publish","type":"post","link":"https:\/\/2horizontes.com\/?p=71761","title":{"rendered":"La pel\u00edcula \u00abMalpaso\u00bb representar\u00e1 a Rep\u00fablica Dominicana en los Premios Goya"},"content":{"rendered":"\n<p>Santo Domingo, 10 sep (EFE).- La pel\u00edcula \u00abMalpaso\u00bb representar\u00e1 a Rep\u00fablica Dominicana en los Premios Goya, que organiza la Academia de las Artes y las Ciencias Cinematogr\u00e1ficas de Espa\u00f1a, cuya gala est\u00e1 pautada para el 27 de febrero de 2021, se inform\u00f3 este jueves.<\/p>\n\n\n\n<p>El anuncio fue realizado por la Comisi\u00f3n Dominicana de Selecci\u00f3n F\u00edlmica (CDSF), designada por la Direcci\u00f3n General de Cine (Dgcine) para decidir sobre la representaci\u00f3n local en los Goya.<\/p>\n\n\n\n<p>\u00abMalpaso\u00bb, del cineasta H\u00e9ctor Valdez, relata la traves\u00eda de los hermanos C\u00e1ndido y Braulio en la afueras del mercado de Jiman\u00ed, en la frontera entre Rep\u00fablica Dominicana y Hait\u00ed.<\/p>\n\n\n\n<p>Concebida \u00aba modo de cuento\u00bb, esta f\u00e1bula triste est\u00e1 protagonizada por dos hermanos, abandonados por su padre antes de nacer, que a los 15 a\u00f1os quedan solos cuando muere su abuelo, un seco vecino que les cr\u00eda sin permitirse una sonrisa, ni un comentario que aplaque la desoladora realidad en que viven.<\/p>\n\n\n\n<p>La pel\u00edcula est\u00e1 protagonizada por Ariel D\u00edaz (C\u00e1ndido) y Luis Bryan Mesa (Braulio).<\/p>\n\n\n\n<p>\u00abNuestro inter\u00e9s siempre fue el de capturar con la mayor fidelidad posible la realidad del entorno\u00bb, dijo Valdez hoy tras darse a conocer la selecci\u00f3n del filme.<\/p>\n\n\n\n<p>Por lo tanto, agreg\u00f3, que espera que \u00abesta representaci\u00f3n genere mayor visibilidad de cara a las vicisitudes que enfrentan diariamente los j\u00f3venes de la l\u00ednea fronteriza y de darle un rostro humano a la vida de la frontera a trav\u00e9s de los ojos de nuestros personajes\u00bb, de acuerdo con un comunicado de la Direcci\u00f3n de Cine. EFE.<\/p>\n","protected":false},"excerpt":{"rendered":"<p>Santo Domingo, 10 sep (EFE).- La pel\u00edcula \u00abMalpaso\u00bb representar\u00e1 a Rep\u00fablica Dominicana en los Premios Goya, que organiza la Academia de las Artes y las Ciencias Cinematogr\u00e1ficas de Espa\u00f1a, cuya gala est\u00e1 pautada para el 27 de febrero de 2021, se inform\u00f3 este jueves. El anuncio fue realizado por la Comisi\u00f3n Dominicana de Selecci\u00f3n F\u00edlmica [&hellip;]<\/p>\n","protected":false},"author":44079,"featured_media":71762,"comment_status":"open","ping_status":"open","sticky":false,"template":"","format":"standard","meta":{"footnotes":""},"categories":[46,85,40,44],"tags":[],"class_list":["post-71761","post","type-post","status-publish","format-standard","has-post-thumbnail","hentry","category-dominicanos-en-madrid","category-espana","category-internacionales","category-republica-dominicana"],"_links":{"self":[{"href":"https:\/\/2horizontes.com\/index.php?rest_route=\/wp\/v2\/posts\/71761","targetHints":{"allow":["GET"]}}],"collection":[{"href":"https:\/\/2horizontes.com\/index.php?rest_route=\/wp\/v2\/posts"}],"about":[{"href":"https:\/\/2horizontes.com\/index.php?rest_route=\/wp\/v2\/types\/post"}],"author":[{"embeddable":true,"href":"https:\/\/2horizontes.com\/index.php?rest_route=\/wp\/v2\/users\/44079"}],"replies":[{"embeddable":true,"href":"https:\/\/2horizontes.com\/index.php?rest_route=%2Fwp%2Fv2%2Fcomments&post=71761"}],"version-history":[{"count":1,"href":"https:\/\/2horizontes.com\/index.php?rest_route=\/wp\/v2\/posts\/71761\/revisions"}],"predecessor-version":[{"id":71763,"href":"https:\/\/2horizontes.com\/index.php?rest_route=\/wp\/v2\/posts\/71761\/revisions\/71763"}],"wp:featuredmedia":[{"embeddable":true,"href":"https:\/\/2horizontes.com\/index.php?rest_route=\/wp\/v2\/media\/71762"}],"wp:attachment":[{"href":"https:\/\/2horizontes.com\/index.php?rest_route=%2Fwp%2Fv2%2Fmedia&parent=71761"}],"wp:term":[{"taxonomy":"category","embeddable":true,"href":"https:\/\/2horizontes.com\/index.php?rest_route=%2Fwp%2Fv2%2Fcategories&post=71761"},{"taxonomy":"post_tag","embeddable":true,"href":"https:\/\/2horizontes.com\/index.php?rest_route=%2Fwp%2Fv2%2Ftags&post=71761"}],"curies":[{"name":"wp","href":"https:\/\/api.w.org\/{rel}","templated":true}]}}