{"id":71754,"date":"2020-09-10T20:28:16","date_gmt":"2020-09-10T19:28:16","guid":{"rendered":"http:\/\/2horizontes.com\/?p=71754"},"modified":"2020-09-10T20:31:19","modified_gmt":"2020-09-10T19:31:19","slug":"espana-suma-mas-de-10-000-nuevos-contagios-de-coronavirus-y-otras-71-muertes-por-la-enfermedad-en-su-mas-reciente-reporte","status":"publish","type":"post","link":"https:\/\/2horizontes.com\/?p=71754","title":{"rendered":"Espa\u00f1a suma m\u00e1s de 10.000 nuevos contagios de coronavirus y otras 71 muertes por la enfermedad en su m\u00e1s reciente reporte"},"content":{"rendered":"\n<p>Las autoridades espa\u00f1olas han notificado este jueves&nbsp;<strong>10.764 nuevos positivos<\/strong>&nbsp;por covid-19, de los cuales&nbsp;4.137 fueron detectados en las \u00faltimas 24 horas.&nbsp;<strong>Madrid<\/strong>&nbsp;es con diferencia el territorio m\u00e1s afectado en el pa\u00eds, con&nbsp;<strong>m\u00e1s de 1500 casos<\/strong>&nbsp;de nuevo diagn\u00f3stico en esta \u00faltima actualizaci\u00f3n diaria.<\/p>\n\n\n\n<p>Tambi\u00e9n se han registrado&nbsp;<strong>71 defunciones<\/strong>&nbsp;a lo largo de la \u00faltima jornada, en el marco de una semana que deja un c\u00f3mputo de 249 fallecidos.&nbsp;A la fecha, Espa\u00f1a&nbsp;suma&nbsp;<strong>554.143 contagios<\/strong>&nbsp;desde que se inici\u00f3 la pandemia, y un total de&nbsp;<strong>29.699 muertes<\/strong><\/p>\n\n\n\n<figure><iframe allowfullscreen=\"true\" class=\"\" src=\"https:\/\/platform.twitter.com\/embed\/index.html?dnt=false&amp;embedId=twitter-widget-0&amp;frame=false&amp;hideCard=false&amp;hideThread=false&amp;id=1304108701905752064&amp;lang=es&amp;origin=https%3A%2F%2Factualidad.rt.com%2Factualidad%2F366157-espana-suma-10000-nuevos-contagios-coronavirus&amp;siteScreenName=ActualidadRT&amp;theme=light&amp;widgetsVersion=219d021%3A1598982042171&amp;width=550px\"><\/iframe><\/figure>\n\n\n\n\n\n<p>Fuente: RT. <\/p>\n","protected":false},"excerpt":{"rendered":"<p>Las autoridades espa\u00f1olas han notificado este jueves&nbsp;10.764 nuevos positivos&nbsp;por covid-19, de los cuales&nbsp;4.137 fueron detectados en las \u00faltimas 24 horas.&nbsp;Madrid&nbsp;es con diferencia el territorio m\u00e1s afectado en el pa\u00eds, con&nbsp;m\u00e1s de 1500 casos&nbsp;de nuevo diagn\u00f3stico en esta \u00faltima actualizaci\u00f3n diaria. Tambi\u00e9n se han registrado&nbsp;71 defunciones&nbsp;a lo largo de la \u00faltima jornada, en el marco de [&hellip;]<\/p>\n","protected":false},"author":44079,"featured_media":71396,"comment_status":"open","ping_status":"open","sticky":false,"template":"","format":"standard","meta":{"footnotes":""},"categories":[85,40],"tags":[],"class_list":["post-71754","post","type-post","status-publish","format-standard","has-post-thumbnail","hentry","category-espana","category-internacionales"],"_links":{"self":[{"href":"https:\/\/2horizontes.com\/index.php?rest_route=\/wp\/v2\/posts\/71754","targetHints":{"allow":["GET"]}}],"collection":[{"href":"https:\/\/2horizontes.com\/index.php?rest_route=\/wp\/v2\/posts"}],"about":[{"href":"https:\/\/2horizontes.com\/index.php?rest_route=\/wp\/v2\/types\/post"}],"author":[{"embeddable":true,"href":"https:\/\/2horizontes.com\/index.php?rest_route=\/wp\/v2\/users\/44079"}],"replies":[{"embeddable":true,"href":"https:\/\/2horizontes.com\/index.php?rest_route=%2Fwp%2Fv2%2Fcomments&post=71754"}],"version-history":[{"count":2,"href":"https:\/\/2horizontes.com\/index.php?rest_route=\/wp\/v2\/posts\/71754\/revisions"}],"predecessor-version":[{"id":71757,"href":"https:\/\/2horizontes.com\/index.php?rest_route=\/wp\/v2\/posts\/71754\/revisions\/71757"}],"wp:featuredmedia":[{"embeddable":true,"href":"https:\/\/2horizontes.com\/index.php?rest_route=\/wp\/v2\/media\/71396"}],"wp:attachment":[{"href":"https:\/\/2horizontes.com\/index.php?rest_route=%2Fwp%2Fv2%2Fmedia&parent=71754"}],"wp:term":[{"taxonomy":"category","embeddable":true,"href":"https:\/\/2horizontes.com\/index.php?rest_route=%2Fwp%2Fv2%2Fcategories&post=71754"},{"taxonomy":"post_tag","embeddable":true,"href":"https:\/\/2horizontes.com\/index.php?rest_route=%2Fwp%2Fv2%2Ftags&post=71754"}],"curies":[{"name":"wp","href":"https:\/\/api.w.org\/{rel}","templated":true}]}}