{"id":71746,"date":"2020-09-09T16:24:48","date_gmt":"2020-09-09T15:24:48","guid":{"rendered":"http:\/\/2horizontes.com\/?p=71746"},"modified":"2020-09-09T16:34:06","modified_gmt":"2020-09-09T15:34:06","slug":"carlos-de-la-mota-dice-mas-de-60-del-personal-no-laboraba-en-su-viceministerio","status":"publish","type":"post","link":"https:\/\/2horizontes.com\/?p=71746","title":{"rendered":"Carlos de la Mota dice m\u00e1s de 60 % del personal no laboraba en su viceministerio de Comunidades Dominicanas en el Exterior"},"content":{"rendered":"\n<p>El actor dominicano y reci\u00e9n designado&nbsp;viceministro para las Comunidades Dominicanas en el Exterior,&nbsp;Carlos de la Mota, asegur\u00f3 este mi\u00e9rcoles que m\u00e1s de un<strong>&nbsp;60 por ciento<\/strong>&nbsp;de la n\u00f3mina del personal fijo de esa instituci\u00f3n no&nbsp;asist\u00eda a sus labores.<\/p>\n\n\n\n<p>A trav\u00e9s de una publicaci\u00f3n realizada en su cuenta de&nbsp;<strong>Twitter,&nbsp;<\/strong>se\u00f1al\u00f3 que tambi\u00e9n era un personal sin funciones.<\/p>\n\n\n\n<p>\u00abAl hacer el levantamiento de la n\u00f3mina del personal fijo del Viceministerio para la Comunidad Dominicana en el Exterior, hemos encontrado que m\u00e1s del&nbsp;<strong>60%&nbsp;<\/strong>de la misma era personal que no asist\u00eda a sus labores o era personal sin funciones\u00bb, public\u00f3 el viceministro en su cuenta de Twiiter.<\/p>\n\n\n\n<p>El funcionario no ofreci\u00f3 m\u00e1s informaciones pese a anunciar que continuar\u00eda bringado detalles por la referida red social.<\/p>\n\n\n\n<p>La noche del martes el actor habr\u00eda indicado en un tuit que para la ma\u00f1ana de este mi\u00f1ercoles dar\u00eda a conocer \u00abcosas de inter\u00e9s p\u00fablico\u00bb.<\/p>\n\n\n\n<p>\u00abMa\u00f1ana temprano por Aqu\u00ed diremos cosas de inter\u00e9s p\u00fablico !!! Buenas noches\u00bb, colg\u00f3 de la Mota.<\/p>\n\n\n\n<p>El actor Carlos de la Mota fue designado mediante el&nbsp;<strong>decreto 329-20&nbsp;<\/strong>como viceministro para las Comunidades Dominicanas en el Exterior y fungir\u00e1 como director general del Instituto de Dominicanos y Dominicanas en el Exterior&nbsp;(Index).<\/p>\n\n\n\n<figure><iframe allowfullscreen=\"true\" class=\"\" src=\"https:\/\/platform.twitter.com\/embed\/index.html?creatorScreenName=listindiario%20&amp;dnt=false&amp;embedId=twitter-widget-0&amp;frame=false&amp;hideCard=false&amp;hideThread=false&amp;id=1303679510852886529&amp;lang=es&amp;origin=https%3A%2F%2Flistindiario.com%2Fentretenimiento%2F2020%2F09%2F09%2F634462%2Fcarlos-de-la-mota-dice-mas-de-60--del-personal-no-laboraba-en-su-viceministerio&amp;siteScreenName=listindiario&amp;theme=light&amp;widgetsVersion=219d021%3A1598982042171&amp;width=550px\"><\/iframe><\/figure>\n\n\n\n<p>Fuente: List\u00edn Diario.<\/p>\n","protected":false},"excerpt":{"rendered":"<p>El actor dominicano y reci\u00e9n designado&nbsp;viceministro para las Comunidades Dominicanas en el Exterior,&nbsp;Carlos de la Mota, asegur\u00f3 este mi\u00e9rcoles que m\u00e1s de un&nbsp;60 por ciento&nbsp;de la n\u00f3mina del personal fijo de esa instituci\u00f3n no&nbsp;asist\u00eda a sus labores. A trav\u00e9s de una publicaci\u00f3n realizada en su cuenta de&nbsp;Twitter,&nbsp;se\u00f1al\u00f3 que tambi\u00e9n era un personal sin funciones. \u00abAl [&hellip;]<\/p>\n","protected":false},"author":44079,"featured_media":71747,"comment_status":"open","ping_status":"open","sticky":false,"template":"","format":"standard","meta":{"footnotes":""},"categories":[40,44],"tags":[],"class_list":["post-71746","post","type-post","status-publish","format-standard","has-post-thumbnail","hentry","category-internacionales","category-republica-dominicana"],"_links":{"self":[{"href":"https:\/\/2horizontes.com\/index.php?rest_route=\/wp\/v2\/posts\/71746","targetHints":{"allow":["GET"]}}],"collection":[{"href":"https:\/\/2horizontes.com\/index.php?rest_route=\/wp\/v2\/posts"}],"about":[{"href":"https:\/\/2horizontes.com\/index.php?rest_route=\/wp\/v2\/types\/post"}],"author":[{"embeddable":true,"href":"https:\/\/2horizontes.com\/index.php?rest_route=\/wp\/v2\/users\/44079"}],"replies":[{"embeddable":true,"href":"https:\/\/2horizontes.com\/index.php?rest_route=%2Fwp%2Fv2%2Fcomments&post=71746"}],"version-history":[{"count":2,"href":"https:\/\/2horizontes.com\/index.php?rest_route=\/wp\/v2\/posts\/71746\/revisions"}],"predecessor-version":[{"id":71749,"href":"https:\/\/2horizontes.com\/index.php?rest_route=\/wp\/v2\/posts\/71746\/revisions\/71749"}],"wp:featuredmedia":[{"embeddable":true,"href":"https:\/\/2horizontes.com\/index.php?rest_route=\/wp\/v2\/media\/71747"}],"wp:attachment":[{"href":"https:\/\/2horizontes.com\/index.php?rest_route=%2Fwp%2Fv2%2Fmedia&parent=71746"}],"wp:term":[{"taxonomy":"category","embeddable":true,"href":"https:\/\/2horizontes.com\/index.php?rest_route=%2Fwp%2Fv2%2Fcategories&post=71746"},{"taxonomy":"post_tag","embeddable":true,"href":"https:\/\/2horizontes.com\/index.php?rest_route=%2Fwp%2Fv2%2Ftags&post=71746"}],"curies":[{"name":"wp","href":"https:\/\/api.w.org\/{rel}","templated":true}]}}