{"id":71724,"date":"2020-09-08T18:27:40","date_gmt":"2020-09-08T17:27:40","guid":{"rendered":"http:\/\/2horizontes.com\/?p=71724"},"modified":"2020-09-08T18:27:43","modified_gmt":"2020-09-08T17:27:43","slug":"el-poder-ejecutivo-destituye-33-embajadores-alternos-viceconsules-y-ministros-consejeros","status":"publish","type":"post","link":"https:\/\/2horizontes.com\/?p=71724","title":{"rendered":"El Poder Ejecutivo destituye 33 embajadores alternos, vicec\u00f3nsules y ministros consejeros"},"content":{"rendered":"\n<p>El Poder Ejecutivo emiti\u00f3 el lunes el decreto n\u00famero 442-20 con el que deroga 33 nombramientos del servicio exterior del Ministerio de Relaciones Exteriores, entre ellos embajadores alternos, ministros consejeros, vicec\u00f3nsules, secretarios de embajadas y auxiliares de consulados en el exterior. Entre estos hab\u00eda personas nombradas en el 2004, 2008, 2009, 2011 y hasta en el a\u00f1o 2020.<\/p>\n\n\n\n<p>Este decreto deroga las designaciones de&nbsp;<strong>Anyelina Altagracia Garc\u00eda Santos<\/strong>, como ministra consejera en Lisboa, Portugal;&nbsp;<strong>Silvia Gonz\u00e1lez Sierra<\/strong>, secretaria de primera clase en la embajada de Lima, Per\u00fa;&nbsp;<strong>Efra\u00edn Guerra<\/strong>, ministro consejero en Colombia;&nbsp;<strong>Pamela Marra Marra<\/strong>&nbsp;vicec\u00f3nsul en New Orleans, Luisiana, Estados Unidos y&nbsp;<strong>Eddy de Gracia P\u00e9rez<\/strong>, como primer secretario en la embajada dominicana en Cuba.<\/p>\n\n\n\n<p>Tambi\u00e9n fueron dejados sin efecto la designaci\u00f3n, del a\u00f1o 2004, &nbsp;de&nbsp;<strong>Juan \u00c1vila<\/strong>&nbsp;como embajador alterno ante las Naciones Unidas; &nbsp;y las designaciones como vicec\u00f3nsules en Boston Estados Unidos de&nbsp;<strong>Pedro Mej\u00eda y &nbsp;Juan M\u00e9ndez Cordero<\/strong>; y de&nbsp;&nbsp;<strong>Jos\u00e9 Encarnaci\u00f3n<\/strong>&nbsp;como auxiliar de ese mismo consulado.<\/p>\n\n\n\n<p><strong>En Nueva York<\/strong><\/p>\n\n\n\n<p>Otros decretos derogados fueron los que designaron como vicec\u00f3nsules en Nueva York a&nbsp;&nbsp;<strong>Francisco Robles; Jos\u00e9 Santana, Jos\u00e9 Tom\u00e1s Paulino, Dionicio Ventura y<\/strong>&nbsp;<strong>Ram\u00f3n Octavio J\u00e1quez Hern\u00e1ndez.<\/strong><\/p>\n\n\n\n<p>El decreto 442-20 igualmente deroga los decretos que designaron a&nbsp;<strong>Tamayo Juan Salvador Tejada Ventura<\/strong>&nbsp;como vicec\u00f3nsul en \u00c1msterdam, Holanda;&nbsp;<strong>Jaime Manuel Bruno Sosa<\/strong>, primer secretario en la embajada dominicana en Rusia; &nbsp;Wanda de los&nbsp;<strong>\u00c1ngeles Carvajal Gonz\u00e1lez<\/strong>, vicec\u00f3nsul en Valencia Espa\u00f1a;&nbsp;<strong>Norma Rosa Campusano&nbsp;<\/strong>como auxiliar en el consulado dominicano en Nueva York y&nbsp;&nbsp;<strong>Delis Hern\u00e1ndez<\/strong>&nbsp;primer secretario en la embajada dominicana en Egipto.<\/p>\n\n\n\n<p>El decreto fue firmado el lunes por el presidente Luis Abinader y dado a conocer esta ma\u00f1ana a los medios de comunicaci\u00f3n, tambien incluye la destituci\u00f3n de&nbsp;<strong>Rufino Antonio Gonz\u00e1lez Contreras<\/strong>, como consejero de la misi\u00f3n permanente de Rep\u00fablica Dominicana ante la OEA; de&nbsp;<strong>Apolinar Rond\u00f3n<\/strong>&nbsp;como auxiliar en el consulado en Nueva YorK; &nbsp;<strong>Juan Isidro Mart\u00ednez&nbsp;<\/strong>embajador alterno en RD en la Organizaci\u00f3n de las Naciones Unidas (ONU).<\/p>\n\n\n\n<p>Tambi\u00e9n fue derogado el nombramiento de&nbsp;<strong>Carlos F\u00e9liz<\/strong>&nbsp;como ministro consejero en Qatar;&nbsp;<strong>Tom\u00e1s Guzm\u00e1n Ram\u00edrez<\/strong>&nbsp;como auxiliar en el consulado de RD en Hamburgo, Alemania. &nbsp;<strong>Ram\u00f3n Revi Matos fue destituido&nbsp;<\/strong>&nbsp;como primer secretario en la Misi\u00f3n Permanente de la Rep\u00fablica Dominicana ante la OEA y Flavio Holgu\u00edn, como como ministro consejero de esa misi\u00f3n permanente.<\/p>\n\n\n\n<p>F\u00e9lix Pe\u00f1a fue destituido como tercer secretario en la embajada dominicana en Honduras;&nbsp;<strong>Ram\u00f3n Ram\u00edrez<\/strong>&nbsp;como consejero en la embajada en Per\u00fa;&nbsp;<strong>Gretter Soc\u00edas&nbsp;<\/strong>&nbsp;y&nbsp;<strong>Leonel Augusto<\/strong>&nbsp;<strong>S\u00e1nchez<\/strong>&nbsp;fueron destituidos de la embajada de Hait\u00ed, la primera como consejera y el segundo como vicec\u00f3nsul en Puerto Pr\u00edncipe.<\/p>\n\n\n\n<p>Ese decreto en el art\u00edculo 34 hace un cambio de designaci\u00f3n a la se\u00f1ora\u00a0<strong>Mariel Patricia Vilchez Bournigal<\/strong>, quien era primera secretaria en la embajada dominicana en Washington y ahora \u00a0fue nombrada Directora Jur\u00eddica el Ministerio de Relaciones Exteriores.<\/p>\n\n\n\n<p>Fuente: List\u00edn Diario. <\/p>\n","protected":false},"excerpt":{"rendered":"<p>El Poder Ejecutivo emiti\u00f3 el lunes el decreto n\u00famero 442-20 con el que deroga 33 nombramientos del servicio exterior del Ministerio de Relaciones Exteriores, entre ellos embajadores alternos, ministros consejeros, vicec\u00f3nsules, secretarios de embajadas y auxiliares de consulados en el exterior. Entre estos hab\u00eda personas nombradas en el 2004, 2008, 2009, 2011 y hasta en [&hellip;]<\/p>\n","protected":false},"author":44079,"featured_media":71725,"comment_status":"open","ping_status":"open","sticky":false,"template":"","format":"standard","meta":{"footnotes":""},"categories":[40,43,44],"tags":[],"class_list":["post-71724","post","type-post","status-publish","format-standard","has-post-thumbnail","hentry","category-internacionales","category-politica","category-republica-dominicana"],"_links":{"self":[{"href":"https:\/\/2horizontes.com\/index.php?rest_route=\/wp\/v2\/posts\/71724","targetHints":{"allow":["GET"]}}],"collection":[{"href":"https:\/\/2horizontes.com\/index.php?rest_route=\/wp\/v2\/posts"}],"about":[{"href":"https:\/\/2horizontes.com\/index.php?rest_route=\/wp\/v2\/types\/post"}],"author":[{"embeddable":true,"href":"https:\/\/2horizontes.com\/index.php?rest_route=\/wp\/v2\/users\/44079"}],"replies":[{"embeddable":true,"href":"https:\/\/2horizontes.com\/index.php?rest_route=%2Fwp%2Fv2%2Fcomments&post=71724"}],"version-history":[{"count":1,"href":"https:\/\/2horizontes.com\/index.php?rest_route=\/wp\/v2\/posts\/71724\/revisions"}],"predecessor-version":[{"id":71726,"href":"https:\/\/2horizontes.com\/index.php?rest_route=\/wp\/v2\/posts\/71724\/revisions\/71726"}],"wp:featuredmedia":[{"embeddable":true,"href":"https:\/\/2horizontes.com\/index.php?rest_route=\/wp\/v2\/media\/71725"}],"wp:attachment":[{"href":"https:\/\/2horizontes.com\/index.php?rest_route=%2Fwp%2Fv2%2Fmedia&parent=71724"}],"wp:term":[{"taxonomy":"category","embeddable":true,"href":"https:\/\/2horizontes.com\/index.php?rest_route=%2Fwp%2Fv2%2Fcategories&post=71724"},{"taxonomy":"post_tag","embeddable":true,"href":"https:\/\/2horizontes.com\/index.php?rest_route=%2Fwp%2Fv2%2Ftags&post=71724"}],"curies":[{"name":"wp","href":"https:\/\/api.w.org\/{rel}","templated":true}]}}