{"id":71718,"date":"2020-09-08T14:21:48","date_gmt":"2020-09-08T13:21:48","guid":{"rendered":"http:\/\/2horizontes.com\/?p=71718"},"modified":"2020-09-08T14:21:49","modified_gmt":"2020-09-08T13:21:49","slug":"la-justicia-de-ecuador-ratifica-la-condena-a-8-anos-de-prision-contra-correa-en-la-causa-sobornos","status":"publish","type":"post","link":"https:\/\/2horizontes.com\/?p=71718","title":{"rendered":"La Justicia de Ecuador ratifica la condena a 8 a\u00f1os de prisi\u00f3n contra Correa en la causa &#8216;Sobornos&#8217;"},"content":{"rendered":"\n<p>El&nbsp;Tribunal de Casaci\u00f3n&nbsp;de la&nbsp;Corte Nacional de Justicia (CNJ) de Ecuador ratific\u00f3 la sentencia en contra del expresidente Rafael Correa y otros exfuncionarios procesados por cohecho agravado, en el marco de la causa conocida como &#8216;Sobornos&nbsp;2012-2016&#8217;.&nbsp;<\/p>\n\n\n\n<p>La decisi\u00f3n implica que Correa&nbsp;<strong>no podr\u00e1 ser candidato a ning\u00fan cargo en las pr\u00f3ximas elecciones de&nbsp;2021<\/strong>, algo que ten\u00eda previsto y hab\u00eda anunciado desde sus redes sociales. Adem\u00e1s, confirma&nbsp;<strong>25 a\u00f1os de inhabilitaci\u00f3n para ocupar cargos p\u00fablicos<\/strong>.<\/p>\n\n\n\n<p>El exmandatario, quien estaba intentando presentarse como postulante&nbsp;a vicepresidente en los comicios de febrero desde B\u00e9lgica, se\u00f1al\u00f3 desde su cuenta de Twitter: \u00abFinalmente lo lograron. En tiempo r\u00e9cord sacan sentencia &#8216;definitiva&#8217; para inhabilitarme como candidato. No entienden que&nbsp;<strong>lo \u00fanico que hacen es aumentar el apoyo popular<\/strong>\u00ab.<\/p>\n\n\n\n<figure><iframe allowfullscreen=\"true\" class=\"\" src=\"https:\/\/platform.twitter.com\/embed\/index.html?dnt=false&amp;embedId=twitter-widget-0&amp;frame=false&amp;hideCard=false&amp;hideThread=false&amp;id=1303074948001431560&amp;lang=es&amp;origin=https%3A%2F%2Factualidad.rt.com%2Factualidad%2F365831-justicia-ecuador-ratifica-condena-correa-causa-sobornos&amp;siteScreenName=ActualidadRT&amp;theme=light&amp;widgetsVersion=219d021%3A1598982042171&amp;width=550px\"><\/iframe><\/figure>\n\n\n\n<p>Y a\u00f1adi\u00f3: \u00abYo estar\u00e9 bien. Denle toda la solidaridad a perseguidos all\u00e1. Recuerden:&nbsp;<strong>a lo \u00fanico que nos condenan es a vencer<\/strong>\u00ab.<\/p>\n\n\n\n<p>Correa cuestion\u00f3 que los magistrados hayan aceptado el recurso de casaci\u00f3n presentado por Pamela Mart\u00ednez, exasesora presidencial y principal involucrada en el caso, a quien liberaron y &nbsp;rebajaron la pena tras acusar al exjefe de Estado.&nbsp;<\/p>\n\n\n\n<p>Durante la lectura de la resoluci\u00f3n, el Tribunal rechaz\u00f3 el planteo de falta de pruebas sobre el presunto cohecho pasivo. Para los jueces ecuatorianos, Correa actu\u00f3&nbsp;<strong>a trav\u00e9s de \u00abinflujo ps\u00edquico\u00bb<\/strong>, con el que&nbsp;instig\u00f3 a otros funcionarios de su Gobierno para que reciban sobornos.&nbsp;<\/p>\n\n\n\n<p>En marzo pasado, Correa fue condenado a 8 a\u00f1os de prisi\u00f3n, tras ser acusado de&nbsp;financiar actividades proselitistas de su partido pol\u00edtico, Alianza PA\u00cdS, con dinero de empresarios contratistas estatales. Entre las firmas involucradas aparece la constructora brasile\u00f1a Odebrecht, investigada en otros procesos judiciales de la regi\u00f3n.&nbsp;<\/p>\n\n\n\n<p>El caso\u00a0involucr\u00f3 tambi\u00e9n al exvicepresidente Jorge Glas; al exsecretario jur\u00eddico de la presidencia, Alexis Mera; y a la exministra de Transporte y Obras P\u00fablicas,\u00a0Mar\u00eda de los \u00c1ngeles Duarte.<\/p>\n\n\n\n<p>Seg\u00fan la Fiscal\u00eda General del Estado, los supuestos sobornos &nbsp;tuvieron lugar entre 2012 a 2016, y superar\u00edan los 7,5 millones de d\u00f3lares.<\/p>\n\n\n\n<p>De acuerdo con la sentencia de marzo, emitida por los jueces&nbsp;Iv\u00e1n Le\u00f3n, Marco Rodr\u00edguez e Iv\u00e1n Saquicela, Correa y Glas son considerados \u00ab<strong>autores mediatos por instigaci\u00f3n al cohecho agravado<\/strong>\u00ab.<\/p>\n\n\n\n<p>Previo a la resoluci\u00f3n del tribunal, manifestantes a favor y en contra del proceso contra exmandatario se concentraron en las afueras del recinto. &nbsp;<\/p>\n\n\n\n<figure><iframe allowfullscreen=\"true\" class=\"\" src=\"https:\/\/platform.twitter.com\/embed\/index.html?dnt=false&amp;embedId=twitter-widget-1&amp;frame=false&amp;hideCard=false&amp;hideThread=false&amp;id=1303070231506685954&amp;lang=es&amp;origin=https%3A%2F%2Factualidad.rt.com%2Factualidad%2F365831-justicia-ecuador-ratifica-condena-correa-causa-sobornos&amp;siteScreenName=ActualidadRT&amp;theme=light&amp;widgetsVersion=219d021%3A1598982042171&amp;width=550px\"><\/iframe><\/figure>\n\n\n\n<p>La sentencia contra Correa y los otros 15 condenados solo puede ser recusada ante la Corte Constitucional o ante tribunales internacionales, como la Corte Interamericana de Derechos Humanos (CIDH).<\/p>\n\n\n\n<p>Pero m\u00e1s all\u00e1 de lo que se pueda lograr con ello, el tiempo de respuesta que esto implique deja pocas chances a Correa de habilitar su candidatura. &nbsp;<\/p>\n\n\n\n<p>El expresidente consider\u00f3 este proceso, al que llama\u00a0<strong>&#8216;Bochornos&#8217;<\/strong>, como una forma de\u00a0<strong>proscribirlo<\/strong>\u00a0en Ecuador, donde, seg\u00fan considera, no existe el Estado de derecho. Seg\u00fan los \u00faltimos sondeos, Correa se perfilaba como la primera minor\u00eda del pa\u00eds, con una intenci\u00f3n de voto del\u00a0<strong>31,4 %<\/strong>.<\/p>\n\n\n\n<p>Fuente: RT. <\/p>\n","protected":false},"excerpt":{"rendered":"<p>El&nbsp;Tribunal de Casaci\u00f3n&nbsp;de la&nbsp;Corte Nacional de Justicia (CNJ) de Ecuador ratific\u00f3 la sentencia en contra del expresidente Rafael Correa y otros exfuncionarios procesados por cohecho agravado, en el marco de la causa conocida como &#8216;Sobornos&nbsp;2012-2016&#8217;.&nbsp; La decisi\u00f3n implica que Correa&nbsp;no podr\u00e1 ser candidato a ning\u00fan cargo en las pr\u00f3ximas elecciones de&nbsp;2021, algo que ten\u00eda previsto [&hellip;]<\/p>\n","protected":false},"author":44079,"featured_media":71719,"comment_status":"open","ping_status":"open","sticky":false,"template":"","format":"standard","meta":{"footnotes":""},"categories":[40],"tags":[],"class_list":["post-71718","post","type-post","status-publish","format-standard","has-post-thumbnail","hentry","category-internacionales"],"_links":{"self":[{"href":"https:\/\/2horizontes.com\/index.php?rest_route=\/wp\/v2\/posts\/71718","targetHints":{"allow":["GET"]}}],"collection":[{"href":"https:\/\/2horizontes.com\/index.php?rest_route=\/wp\/v2\/posts"}],"about":[{"href":"https:\/\/2horizontes.com\/index.php?rest_route=\/wp\/v2\/types\/post"}],"author":[{"embeddable":true,"href":"https:\/\/2horizontes.com\/index.php?rest_route=\/wp\/v2\/users\/44079"}],"replies":[{"embeddable":true,"href":"https:\/\/2horizontes.com\/index.php?rest_route=%2Fwp%2Fv2%2Fcomments&post=71718"}],"version-history":[{"count":1,"href":"https:\/\/2horizontes.com\/index.php?rest_route=\/wp\/v2\/posts\/71718\/revisions"}],"predecessor-version":[{"id":71720,"href":"https:\/\/2horizontes.com\/index.php?rest_route=\/wp\/v2\/posts\/71718\/revisions\/71720"}],"wp:featuredmedia":[{"embeddable":true,"href":"https:\/\/2horizontes.com\/index.php?rest_route=\/wp\/v2\/media\/71719"}],"wp:attachment":[{"href":"https:\/\/2horizontes.com\/index.php?rest_route=%2Fwp%2Fv2%2Fmedia&parent=71718"}],"wp:term":[{"taxonomy":"category","embeddable":true,"href":"https:\/\/2horizontes.com\/index.php?rest_route=%2Fwp%2Fv2%2Fcategories&post=71718"},{"taxonomy":"post_tag","embeddable":true,"href":"https:\/\/2horizontes.com\/index.php?rest_route=%2Fwp%2Fv2%2Ftags&post=71718"}],"curies":[{"name":"wp","href":"https:\/\/api.w.org\/{rel}","templated":true}]}}