{"id":71713,"date":"2020-09-07T20:06:46","date_gmt":"2020-09-07T19:06:46","guid":{"rendered":"http:\/\/2horizontes.com\/?p=71713"},"modified":"2020-09-07T20:06:47","modified_gmt":"2020-09-07T19:06:47","slug":"en-tres-dias-solo-se-registran-dos-muertes-por-coronavirus","status":"publish","type":"post","link":"https:\/\/2horizontes.com\/?p=71713","title":{"rendered":"En tres d\u00edas s\u00f3lo se registran dos muertes por coronavirus"},"content":{"rendered":"\n<p>La situaci\u00f3n del COVID-19 en Rep\u00fablica Dominicana marca un antes y un despu\u00e9s a partir del 16 de agosto del presente a\u00f1o, cuando el n\u00famero de contagiados y muertos empez\u00f3 a bajar bruscamente, con la misma magnitud con que se hab\u00edan disparado en meses anteriores, especialmente en los \u00faltimos tres d\u00edas con un reporte de apenas dos fallecimientos.<br>Los casos empezaron a elevarse a m\u00e1s de 600 infectados continuos por d\u00eda, a partir de mediados de junio pasado, pero no fue sino en julio cuando la curva alcanz\u00f3 su punto m\u00e1ximo de 2,022 infectados en 24 horas, de acuerdo al bolet\u00edn n\u00famero 129 dado a conocer por el Ministerio de Salud el d\u00eda 25.<\/p>\n\n\n\n<p>El descenso gradual e intermitente en los casos empez\u00f3 a percibirse justamente a partir del 16 de agosto del presente a\u00f1o, cuando las autoridades reportaron 428 nuevos, que elev\u00f3 el total a 86,737 casos confirmados.<\/p>\n\n\n\n<p>Ese d\u00eda hab\u00eda 6,835 personas en aislamiento hospitalario y 24,313 en aislamiento domiciliario, 295 estaban en cuidados intensivos y 1,481 hab\u00edan fallecido, de los cuales 28 hab\u00edan ocurrido en las \u00faltimas 24 horas.<\/p>\n\n\n\n<p><strong>Paso a paso<\/strong><\/p>\n\n\n\n<p>Al d\u00eda siguiente de que el presidente Luis Abinader asumiera la presidencia de la Rep\u00fablica, el Ministerio de Salud report\u00f3 380 casos nuevos de personas infectadas por el coronavirus.<\/p>\n\n\n\n<p>En ese momento report\u00f3 un total de 87,123 casos confirmados y 1,489 fallecidos, ocho de ellos eran nuevos.<br>A trav\u00e9s del bolet\u00edn n\u00famero 154 divulgado el d\u00eda 19, Salud P\u00fablica report\u00f3 883 casos de nuevos infectados y cuatro fallecidos. Para ese entonces el total de contagiados en el pa\u00eds era de 89,010 personas y 1,505 fallecidos.<\/p>\n\n\n\n<p>Del 16 de agosto a la fecha, hubo d\u00edas reportes en que el n\u00famero de fallecidos se disparaba considerablemente con relaci\u00f3n a los contagios, y el caso que m\u00e1s alarma caus\u00f3 fue el reporte de 36 fallecimientos en solo 24 horas el pasado jueves.<\/p>\n\n\n\n<p>Para el d\u00eda 20 de agosto la Rep\u00fablica Dominicana report\u00f3 89,867, lo que quiere decir que el n\u00famero de infectados hab\u00eda descendido a 857 casos nuevos y un total de 1,533 fallecidos, de los cuales 28 eran recientes.<br>Hasta el 21 de agosto del 2020, en Rep\u00fablica Dominicana se reportaron 90,561 casos confirmados, de los cuales 694 eran nuevos y 21 fallecidos.<\/p>\n\n\n\n<p>Mientras que a trav\u00e9s del bolet\u00edn 157 se reportaron 91,161 casos confirmados, de los cuales 600 eran nuevos y 1,567 fallecidos, 13 de ellos nuevos.<\/p>\n\n\n\n<p>En esta etapa, el descenso importante de los casos empez\u00f3 a percibirse en el bolet\u00edn 158 cuando se reportaron 447 nuevos contagiados y seis fallecimientos.<br>En el bolet\u00edn 160 dado a conocer el 25 de agosto del presente a\u00f1o se dieron a conocer 340 nuevos contagios y el n\u00famero de fallecidos se elev\u00f3 a 28 en las \u00faltimas 24 horas de ese d\u00eda.<\/p>\n\n\n\n<p><strong>El conteo<\/strong><\/p>\n\n\n\n<p>El d\u00eda 26 de agosto Salud P\u00fablica registr\u00f3 407 nuevos contagiados y 17 nuevos fallecidos, el d\u00eda 27 el n\u00famero de contagiados en 24 horas fue de 426 y los nuevos fallecidos sumaron 18, mientras que el 28 los casos de nuevos infectados descendi\u00f3 a 342 y los fallecidos aumentaron a 25.<\/p>\n\n\n\n<p>El bolet\u00edn 164 registr\u00f3 509 nuevos infectados y ocho muertos recientes y el bolet\u00edn 165 confirm\u00f3 474 nuevos contagios y 29 muertes.<\/p>\n\n\n\n<p>El n\u00famero menor de contagios ocurri\u00f3 el pasado 31 de agosto cuando Salud P\u00fablica confirm\u00f3 que 264 se hab\u00edan infectado en las \u00faltimas 24 horas, mientras que 28 personas murieron en ese lapsus.<\/p>\n\n\n\n<p>Sin embargo, el n\u00famero de contagiados volvi\u00f3 dispararse el d\u00eda primero de septiembre con 648 nuevos contagiados y 27 muertes.<\/p>\n\n\n\n<p><strong>BOLET\u00cdN<br>Nuevo formato.<\/strong><br>En su nuevo formato de emisi\u00f3n de boletines sobre el Covid, Salud P\u00fablica report\u00f3 ayer que en las \u00faltimas 24 horas solo una persona falleci\u00f3 por coronavirus, incrementando las defunciones ocurridas en el pa\u00eds por la pandemia a 1,845.<\/p>\n\n\n\n<p>Fuente: List\u00edn Diario. <\/p>\n","protected":false},"excerpt":{"rendered":"<p>La situaci\u00f3n del COVID-19 en Rep\u00fablica Dominicana marca un antes y un despu\u00e9s a partir del 16 de agosto del presente a\u00f1o, cuando el n\u00famero de contagiados y muertos empez\u00f3 a bajar bruscamente, con la misma magnitud con que se hab\u00edan disparado en meses anteriores, especialmente en los \u00faltimos tres d\u00edas con un reporte de [&hellip;]<\/p>\n","protected":false},"author":44079,"featured_media":71714,"comment_status":"open","ping_status":"open","sticky":false,"template":"","format":"standard","meta":{"footnotes":""},"categories":[40,44,45],"tags":[],"class_list":["post-71713","post","type-post","status-publish","format-standard","has-post-thumbnail","hentry","category-internacionales","category-republica-dominicana","category-salud"],"_links":{"self":[{"href":"https:\/\/2horizontes.com\/index.php?rest_route=\/wp\/v2\/posts\/71713","targetHints":{"allow":["GET"]}}],"collection":[{"href":"https:\/\/2horizontes.com\/index.php?rest_route=\/wp\/v2\/posts"}],"about":[{"href":"https:\/\/2horizontes.com\/index.php?rest_route=\/wp\/v2\/types\/post"}],"author":[{"embeddable":true,"href":"https:\/\/2horizontes.com\/index.php?rest_route=\/wp\/v2\/users\/44079"}],"replies":[{"embeddable":true,"href":"https:\/\/2horizontes.com\/index.php?rest_route=%2Fwp%2Fv2%2Fcomments&post=71713"}],"version-history":[{"count":1,"href":"https:\/\/2horizontes.com\/index.php?rest_route=\/wp\/v2\/posts\/71713\/revisions"}],"predecessor-version":[{"id":71715,"href":"https:\/\/2horizontes.com\/index.php?rest_route=\/wp\/v2\/posts\/71713\/revisions\/71715"}],"wp:featuredmedia":[{"embeddable":true,"href":"https:\/\/2horizontes.com\/index.php?rest_route=\/wp\/v2\/media\/71714"}],"wp:attachment":[{"href":"https:\/\/2horizontes.com\/index.php?rest_route=%2Fwp%2Fv2%2Fmedia&parent=71713"}],"wp:term":[{"taxonomy":"category","embeddable":true,"href":"https:\/\/2horizontes.com\/index.php?rest_route=%2Fwp%2Fv2%2Fcategories&post=71713"},{"taxonomy":"post_tag","embeddable":true,"href":"https:\/\/2horizontes.com\/index.php?rest_route=%2Fwp%2Fv2%2Ftags&post=71713"}],"curies":[{"name":"wp","href":"https:\/\/api.w.org\/{rel}","templated":true}]}}