{"id":71710,"date":"2020-09-07T19:47:49","date_gmt":"2020-09-07T18:47:49","guid":{"rendered":"http:\/\/2horizontes.com\/?p=71710"},"modified":"2020-09-07T19:47:50","modified_gmt":"2020-09-07T18:47:50","slug":"leonel-candidatos-para-ocupar-nuevo-pleno-de-la-jce-estan-identificados","status":"publish","type":"post","link":"https:\/\/2horizontes.com\/?p=71710","title":{"rendered":"Leonel: Candidatos para ocupar nuevo pleno de la JCE est\u00e1n \u201cidentificados\u201d"},"content":{"rendered":"\n<p>El expresidente de la Rep\u00fablica, Leonel Fern\u00e1ndez, explic\u00f3 este lunes que durante el di\u00e1logo realizado con el presidente Luis Abinader se identificaron las personas que \u00abindependientes y capacitadas\u00bb que pueden formar parte del nuevo pleno de la Junta Central Electoral (JCE).<\/p>\n\n\n\n<p>\u00abSe hizo un di\u00e1logo con el presidente Abinader d\u00f3nde se identificaron las personas \u00edntegras que merecen la confianza del escenario pol\u00edtico del pa\u00eds. Escucharemos las opiniones de todos los sectores, la sociedad civil, el empresarial, los medios de comunicaci\u00f3n para que al final las personas que sean escogidas accionen de acuerdo con las expectativas que se tienen\u00bb, explic\u00f3 Fern\u00e1ndez esta ma\u00f1ana.<\/p>\n\n\n\n<p><strong>Acerca de Rom\u00e1n J\u00e1quez<\/strong><\/p>\n\n\n\n<p>Sobre las razones del Partido de la Liberaci\u00f3n Dominicana (PLD), de no apoyar al actual presidente del Tribunal Superior Electoral (TSE), Rom\u00e1n J\u00e1quez, para que este sea presidente de la JCE, Fern\u00e1ndez dijo que ellos tienen que explicar los motivos por los cuales no apoyarlo.<\/p>\n\n\n\n<p>\u00abEllos tienen que explicar el porqu\u00e9 no, sobre qu\u00e9 se fundamentan para no dejar que \u00e9l sea el presidente de la Junta\u00bb, agreg\u00f3 Fern\u00e1ndez.<\/p>\n\n\n\n<p>Durante una rueda de prensa en el d\u00eda de ayer, el comit\u00e9 pol\u00edtico del PLD acus\u00f3 a Jaquez de accionar siempre a favor del Partido Revolucionario Moderno (PRM) y que debido a ello no contar\u00e1 con su apoyo para que este presida el \u00f3rgano electoral.<\/p>\n\n\n\n<p>El excandidato presidencial y presidente de la Fuerza del Pueblo realiz\u00f3 estas declaraciones al t\u00e9rmino de la actividad de reinscripci\u00f3n e inscripci\u00f3n de miembros del partido de cara a su primer congreso pautado a celebrarse el pr\u00f3ximo 6 de noviembre.<\/p>\n\n\n\n<p>Fuente: List\u00edn Diario. <\/p>\n","protected":false},"excerpt":{"rendered":"<p>El expresidente de la Rep\u00fablica, Leonel Fern\u00e1ndez, explic\u00f3 este lunes que durante el di\u00e1logo realizado con el presidente Luis Abinader se identificaron las personas que \u00abindependientes y capacitadas\u00bb que pueden formar parte del nuevo pleno de la Junta Central Electoral (JCE). \u00abSe hizo un di\u00e1logo con el presidente Abinader d\u00f3nde se identificaron las personas \u00edntegras [&hellip;]<\/p>\n","protected":false},"author":44079,"featured_media":71711,"comment_status":"open","ping_status":"open","sticky":false,"template":"","format":"standard","meta":{"footnotes":""},"categories":[40],"tags":[],"class_list":["post-71710","post","type-post","status-publish","format-standard","has-post-thumbnail","hentry","category-internacionales"],"_links":{"self":[{"href":"https:\/\/2horizontes.com\/index.php?rest_route=\/wp\/v2\/posts\/71710","targetHints":{"allow":["GET"]}}],"collection":[{"href":"https:\/\/2horizontes.com\/index.php?rest_route=\/wp\/v2\/posts"}],"about":[{"href":"https:\/\/2horizontes.com\/index.php?rest_route=\/wp\/v2\/types\/post"}],"author":[{"embeddable":true,"href":"https:\/\/2horizontes.com\/index.php?rest_route=\/wp\/v2\/users\/44079"}],"replies":[{"embeddable":true,"href":"https:\/\/2horizontes.com\/index.php?rest_route=%2Fwp%2Fv2%2Fcomments&post=71710"}],"version-history":[{"count":1,"href":"https:\/\/2horizontes.com\/index.php?rest_route=\/wp\/v2\/posts\/71710\/revisions"}],"predecessor-version":[{"id":71712,"href":"https:\/\/2horizontes.com\/index.php?rest_route=\/wp\/v2\/posts\/71710\/revisions\/71712"}],"wp:featuredmedia":[{"embeddable":true,"href":"https:\/\/2horizontes.com\/index.php?rest_route=\/wp\/v2\/media\/71711"}],"wp:attachment":[{"href":"https:\/\/2horizontes.com\/index.php?rest_route=%2Fwp%2Fv2%2Fmedia&parent=71710"}],"wp:term":[{"taxonomy":"category","embeddable":true,"href":"https:\/\/2horizontes.com\/index.php?rest_route=%2Fwp%2Fv2%2Fcategories&post=71710"},{"taxonomy":"post_tag","embeddable":true,"href":"https:\/\/2horizontes.com\/index.php?rest_route=%2Fwp%2Fv2%2Ftags&post=71710"}],"curies":[{"name":"wp","href":"https:\/\/api.w.org\/{rel}","templated":true}]}}