{"id":717,"date":"2014-05-01T19:34:14","date_gmt":"2014-05-01T19:34:14","guid":{"rendered":"http:\/\/2horizontes.com\/?p=717"},"modified":"2014-05-01T19:35:48","modified_gmt":"2014-05-01T19:35:48","slug":"cuatro-detenidos-en-manifestacion-alternativa-del-1-de-mayo-en-barcelona","status":"publish","type":"post","link":"https:\/\/2horizontes.com\/?p=717","title":{"rendered":"Cuatro detenidos en manifestaci\u00f3n alternativa del 1 de Mayo en Barcelona"},"content":{"rendered":"<div class=\"fuenteorigen\">\n<div id=\"attachment_718\" style=\"width: 310px\" class=\"wp-caption alignleft\"><a href=\"http:\/\/2horizontes.com\/wp-content\/uploads\/2014\/05\/imagen.aspx_.jpg\"><img loading=\"lazy\" decoding=\"async\" aria-describedby=\"caption-attachment-718\" class=\"wp-image-718 size-medium\" src=\"http:\/\/2horizontes.com\/wp-content\/uploads\/2014\/05\/imagen.aspx_-300x197.jpg\" alt=\"imagen.aspx\" width=\"300\" height=\"197\" srcset=\"https:\/\/2horizontes.com\/wp-content\/uploads\/2014\/05\/imagen.aspx_-300x197.jpg 300w, https:\/\/2horizontes.com\/wp-content\/uploads\/2014\/05\/imagen.aspx_.jpg 490w\" sizes=\"auto, (max-width: 300px) 100vw, 300px\" \/><\/a><p id=\"caption-attachment-718\" class=\"wp-caption-text\">En el D\u00eda del Trabajo Protestan en Barcelona . Foto. EFE<\/p><\/div>\n<p><span class=\"origen\">EFE. Barcelona<\/span>.- Cuatro personas han sido detenidas tras una manifestaci\u00f3n alternativa convocada esta tarde en Barcelona con motivo del Primero de Mayo, por llevar a cabo actos violentos como quema de contenedores y mobiliario urbano y roturas de cristales de entidades bancarias.<\/p>\n<\/div>\n<div id=\"div_entradilla\" class=\"texto entradilla\">\n<p>Fuentes de los Mossos d&#8217;Esquadra han se\u00f1alado a Efe que las detenciones se han llevado a cabo en el Paseo de Col\u00f3n y en el de Isabel II, en el centro de Barcelona, y que no se descarta que se pueda producir alguna detenci\u00f3n m\u00e1s.<\/p>\n<\/div>\n","protected":false},"excerpt":{"rendered":"<p>EFE. Barcelona.- Cuatro personas han sido detenidas tras una manifestaci\u00f3n alternativa convocada esta tarde en Barcelona con motivo del Primero de Mayo, por llevar a cabo actos violentos como quema de contenedores y mobiliario urbano y roturas de cristales de entidades bancarias. Fuentes de los Mossos d&#8217;Esquadra han se\u00f1alado a Efe que las detenciones se [&hellip;]<\/p>\n","protected":false},"author":1,"featured_media":0,"comment_status":"open","ping_status":"open","sticky":false,"template":"","format":"standard","meta":{"footnotes":""},"categories":[1],"tags":[],"class_list":["post-717","post","type-post","status-publish","format-standard","hentry","category-entretenimiento"],"_links":{"self":[{"href":"https:\/\/2horizontes.com\/index.php?rest_route=\/wp\/v2\/posts\/717","targetHints":{"allow":["GET"]}}],"collection":[{"href":"https:\/\/2horizontes.com\/index.php?rest_route=\/wp\/v2\/posts"}],"about":[{"href":"https:\/\/2horizontes.com\/index.php?rest_route=\/wp\/v2\/types\/post"}],"author":[{"embeddable":true,"href":"https:\/\/2horizontes.com\/index.php?rest_route=\/wp\/v2\/users\/1"}],"replies":[{"embeddable":true,"href":"https:\/\/2horizontes.com\/index.php?rest_route=%2Fwp%2Fv2%2Fcomments&post=717"}],"version-history":[{"count":2,"href":"https:\/\/2horizontes.com\/index.php?rest_route=\/wp\/v2\/posts\/717\/revisions"}],"predecessor-version":[{"id":720,"href":"https:\/\/2horizontes.com\/index.php?rest_route=\/wp\/v2\/posts\/717\/revisions\/720"}],"wp:attachment":[{"href":"https:\/\/2horizontes.com\/index.php?rest_route=%2Fwp%2Fv2%2Fmedia&parent=717"}],"wp:term":[{"taxonomy":"category","embeddable":true,"href":"https:\/\/2horizontes.com\/index.php?rest_route=%2Fwp%2Fv2%2Fcategories&post=717"},{"taxonomy":"post_tag","embeddable":true,"href":"https:\/\/2horizontes.com\/index.php?rest_route=%2Fwp%2Fv2%2Ftags&post=717"}],"curies":[{"name":"wp","href":"https:\/\/api.w.org\/{rel}","templated":true}]}}