{"id":71660,"date":"2020-09-03T17:38:02","date_gmt":"2020-09-03T16:38:02","guid":{"rendered":"http:\/\/2horizontes.com\/?p=71660"},"modified":"2020-09-03T17:38:04","modified_gmt":"2020-09-03T16:38:04","slug":"jamaica-celebra-elecciones-bajo-estrictas-medidas-sanitarias-por-la-pandemia-de-coronavirus","status":"publish","type":"post","link":"https:\/\/2horizontes.com\/?p=71660","title":{"rendered":"Jamaica celebra elecciones bajo estrictas medidas sanitarias por la pandemia de coronavirus"},"content":{"rendered":"\n<p>Este jueves&nbsp;3 de septiembre, Jamaica celebra elecciones generales bajo un estricto protocolo de medidas sanitarias, ante el avance del coronavirus en el pa\u00eds.&nbsp;<\/p>\n\n\n\n<p>Se espera que un total de&nbsp;<strong>1,9 millones de ciudadanos<\/strong>&nbsp;concurran a las urnas en los centros de votaci\u00f3n que habr\u00e1 distribuidos a lo largo y ancho del territorio insular caribe\u00f1o. All\u00ed podr\u00e1n elegir al pr\u00f3ximo primer ministro, entre dos candidatos con chances.&nbsp;<\/p>\n\n\n\n<p>Uno de los aspirantes es&nbsp;<strong>Andrew Holness<\/strong>, quien actualmente ocupa el cargo, en representaci\u00f3n del gobernante&nbsp;Partido Laborista de Jamaica (JLP, pos sus siglas en ingl\u00e9s). En medio de la preocupaci\u00f3n por la pandemia, Holness asegur\u00f3 que su administraci\u00f3n brindar\u00e1 la&nbsp;vacuna contra el covid-19 de manera gratuita.<\/p>\n\n\n\n<p>Su contrincante directo, y contraparte dentro de una Jamaica tradicionalmente bipartidista, es&nbsp;<strong>Peter Phillips<\/strong>, del&nbsp;Partido Nacional del Pueblo de Oposici\u00f3n (PNP, en ingl\u00e9s).<\/p>\n\n\n\n<figure class=\"wp-block-image\"><img decoding=\"async\" src=\"https:\/\/cdni.rt.com\/actualidad\/public_images\/2020.09\/original\/5f50d21ae9ff717863707dc6.jpg\" alt=\"\"\/><figcaption>Peter Phillips (izquierda) y Andrew Holness.jis.gov.jm \/ twitter @AndrewHolnessJM<\/figcaption><\/figure>\n\n\n\n<p>Phillips promete que el PNP pondr\u00e1&nbsp;<strong>fin a la monarqu\u00eda<\/strong>&nbsp;que todav\u00eda ejerce, formalmente, la jefatura del Estado en la isla \u2013bajo el mando de la Reina Isabel II del Reino Unido\u2013, mediante la celebraci\u00f3n de un&nbsp;<strong>refer\u00e9ndum<\/strong>, a celebrarse dentro de sus primeros 18 meses en el cargo.<\/p>\n\n\n\n<p>Adem\u00e1s, asegura que su equipo est\u00e1 preparado para&nbsp;<strong>\u00abrescatar\u00bb<\/strong>&nbsp;a Jamaica de una econom\u00eda en declive que est\u00e1 dejando mayor pobreza por la crisis de la pandemia, tras un largo&nbsp;<strong>freno al turismo<\/strong>, actividad motor que emplea a unas&nbsp;<strong>300.000 personas<\/strong>.<\/p>\n\n\n\n<p>Por otra parte, Phillips acusa al actual Gobierno de no saber c\u00f3mo&nbsp;<strong>controlar el crimen<\/strong>&nbsp;y la creciente violencia, una problem\u00e1tica que preocupa a toda la naci\u00f3n. Tanto es as\u00ed, que ambos espacios pol\u00edticos trabajan de manera conjunta en el Parlamento para la creaci\u00f3n de una nueva&nbsp;Ley de Seguridad Nacional.&nbsp;<\/p>\n\n\n\n<p>Los comicios de este jueves ponen en juego tambi\u00e9n la renovaci\u00f3n de&nbsp;<strong>63 bancas<\/strong>&nbsp;de la Asamblea Legislativa, para las cuales se han presentado&nbsp;139 candidatos, seg\u00fan la&nbsp;Comisi\u00f3n Electoral de Jamaica (EOJ).<\/p>\n\n\n\n<h3 class=\"wp-block-heading\">Elecciones en medio de un aumento de contagios<\/h3>\n\n\n\n<p>Cuando el primer ministro&nbsp;Holness anunci\u00f3 el llamado a elecciones, el pasado&nbsp;11 de agosto, la cantidad de infectados de covid-19 en la isla apenas superaba los&nbsp;<a href=\"https:\/\/www.moh.gov.jm\/covid-19-update-eight-new-cases-identified\/\" target=\"_blank\" rel=\"noreferrer noopener\">1.000<\/a>, con 14 fallecidos. Hoy, Jamaica&nbsp;<a href=\"https:\/\/twitter.com\/themohwgovjm\/status\/1301020041647972352\" target=\"_blank\" rel=\"noreferrer noopener\">acumula<\/a>&nbsp;2.683 casos positivos y 24 muertes desde el inicio de la crisis sanitaria, lo que demuestra que el aumento fue&nbsp;exponencial en las \u00faltimas semanas.&nbsp;&nbsp;<\/p>\n\n\n\n<figure><iframe allowfullscreen=\"true\" class=\"\" src=\"https:\/\/platform.twitter.com\/embed\/index.html?dnt=false&amp;embedId=twitter-widget-0&amp;frame=false&amp;hideCard=false&amp;hideThread=false&amp;id=1298819524662185984&amp;lang=es&amp;origin=https%3A%2F%2Factualidad.rt.com%2Factualidad%2F365328-jamaica-celebrar-elecciones-estrictas-medidas-coronavirus&amp;siteScreenName=ActualidadRT&amp;theme=light&amp;widgetsVersion=219d021%3A1598982042171&amp;width=550px\"><\/iframe><\/figure>\n\n\n\n<p>A prop\u00f3sito, su rival Phillips cree que la elecci\u00f3n debi\u00f3 posponerse. Seg\u00fan denunci\u00f3, al hacer el llamado ante la Asamblea Legislativa&nbsp;a pesar del avance del virus,&nbsp;Andrew Holness&nbsp;<strong>\u00abeligi\u00f3 sus propios intereses sobre la salud y el bienestar de los jamaiquinos\u00bb.&nbsp;<\/strong><\/p>\n\n\n\n<p>De un total de casi&nbsp;<strong>2,8 millones<\/strong>&nbsp;de personas que habitan la isla,&nbsp;<strong>1.913.410<\/strong>&nbsp;est\u00e1n habilitados para votar. Todos deber\u00e1n concurrir a las urnas con tapabocas, se les tomar\u00e1 la temperatura corporal y deber\u00e1n higienizar sus manos con alcohol antes de ejecutar el sufragio.&nbsp;<\/p>\n\n\n\n<p>Quien resulte elegido primer ministro, deber\u00e1 ser refrendado como\u00a0jefe de Gobierno por la mayor\u00eda de la Asamblea Legislativa, y nombrado por el gobernador general del pa\u00eds, Patrick Allen.<\/p>\n\n\n\n<p>Fuente: RT.<\/p>\n","protected":false},"excerpt":{"rendered":"<p>Este jueves&nbsp;3 de septiembre, Jamaica celebra elecciones generales bajo un estricto protocolo de medidas sanitarias, ante el avance del coronavirus en el pa\u00eds.&nbsp; Se espera que un total de&nbsp;1,9 millones de ciudadanos&nbsp;concurran a las urnas en los centros de votaci\u00f3n que habr\u00e1 distribuidos a lo largo y ancho del territorio insular caribe\u00f1o. All\u00ed podr\u00e1n elegir [&hellip;]<\/p>\n","protected":false},"author":44079,"featured_media":71661,"comment_status":"open","ping_status":"open","sticky":false,"template":"","format":"standard","meta":{"footnotes":""},"categories":[40,43],"tags":[],"class_list":["post-71660","post","type-post","status-publish","format-standard","has-post-thumbnail","hentry","category-internacionales","category-politica"],"_links":{"self":[{"href":"https:\/\/2horizontes.com\/index.php?rest_route=\/wp\/v2\/posts\/71660","targetHints":{"allow":["GET"]}}],"collection":[{"href":"https:\/\/2horizontes.com\/index.php?rest_route=\/wp\/v2\/posts"}],"about":[{"href":"https:\/\/2horizontes.com\/index.php?rest_route=\/wp\/v2\/types\/post"}],"author":[{"embeddable":true,"href":"https:\/\/2horizontes.com\/index.php?rest_route=\/wp\/v2\/users\/44079"}],"replies":[{"embeddable":true,"href":"https:\/\/2horizontes.com\/index.php?rest_route=%2Fwp%2Fv2%2Fcomments&post=71660"}],"version-history":[{"count":1,"href":"https:\/\/2horizontes.com\/index.php?rest_route=\/wp\/v2\/posts\/71660\/revisions"}],"predecessor-version":[{"id":71662,"href":"https:\/\/2horizontes.com\/index.php?rest_route=\/wp\/v2\/posts\/71660\/revisions\/71662"}],"wp:featuredmedia":[{"embeddable":true,"href":"https:\/\/2horizontes.com\/index.php?rest_route=\/wp\/v2\/media\/71661"}],"wp:attachment":[{"href":"https:\/\/2horizontes.com\/index.php?rest_route=%2Fwp%2Fv2%2Fmedia&parent=71660"}],"wp:term":[{"taxonomy":"category","embeddable":true,"href":"https:\/\/2horizontes.com\/index.php?rest_route=%2Fwp%2Fv2%2Fcategories&post=71660"},{"taxonomy":"post_tag","embeddable":true,"href":"https:\/\/2horizontes.com\/index.php?rest_route=%2Fwp%2Fv2%2Ftags&post=71660"}],"curies":[{"name":"wp","href":"https:\/\/api.w.org\/{rel}","templated":true}]}}