{"id":71653,"date":"2020-09-03T17:28:17","date_gmt":"2020-09-03T16:28:17","guid":{"rendered":"http:\/\/2horizontes.com\/?p=71653"},"modified":"2020-09-03T17:31:46","modified_gmt":"2020-09-03T16:31:46","slug":"un-policia-mata-de-un-balazo-en-el-pecho-a-un-afroamericano-de-18-anos-en-washington-d-c","status":"publish","type":"post","link":"https:\/\/2horizontes.com\/?p=71653","title":{"rendered":"Un polic\u00eda mata de un balazo en el pecho a un afroamericano de 18 a\u00f1os en Washington D.C."},"content":{"rendered":"\n<p>Un polic\u00eda mat\u00f3 a tiros el pasado 2 de septiembre al afroamericano Deon Kay, quien cumpli\u00f3 18 a\u00f1os el mes pasado, en el barrio Congress Heights de Washington D.C.<\/p>\n\n\n\n<p>Los agentes implicados&nbsp;<a href=\"https:\/\/mpdc.dc.gov\/release\/mpd-officer-involved-shooting-200-block-orange-street-southeast\" target=\"_blank\" rel=\"noreferrer noopener\">aseguran<\/a>&nbsp;que ese adolescente portaba una pistola e indican que se hicieron con otra de otro joven de 19 a\u00f1os, que no ten\u00eda licencia de armas y al que arrestaron en el lugar.<\/p>\n\n\n\n<figure><iframe allowfullscreen=\"true\" class=\"\" src=\"https:\/\/platform.twitter.com\/embed\/index.html?dnt=false&amp;embedId=twitter-widget-0&amp;frame=false&amp;hideCard=false&amp;hideThread=false&amp;id=1301394263721283585&amp;lang=es&amp;origin=https%3A%2F%2Factualidad.rt.com%2Factualidad%2F365366-eeuu-policia-mata-joven-afroamericano&amp;siteScreenName=ActualidadRT&amp;theme=light&amp;widgetsVersion=219d021%3A1598982042171&amp;width=550px\"><\/iframe><\/figure>\n\n\n\n<p>Estos oficiales respondieron al aviso sobre la presencia de un hombre armado y hacia las 16:00 se acercaron a un veh\u00edculo aparcado en un estacionamiento, que ten\u00eda varias personas en su interior y alrededor.<\/p>\n\n\n\n<p>Una c\u00e1mara policial grab\u00f3 c\u00f3mo dos de los presentes echaron a correr y, mientras les persegu\u00edan a la carrera, Kay sac\u00f3 una pistola de su cintur\u00f3n y un agente le habr\u00eda&nbsp;<strong>disparado en el pecho<\/strong>.<\/p>\n\n\n\n<p>Dos funcionarios de la ciudad visionaron las im\u00e1genes y estiman que ese video se podr\u00eda hacer p\u00fablico a lo largo de&nbsp;esta jornada,&nbsp;<a href=\"https:\/\/www.washingtonpost.com\/local\/public-safety\/dc-police-officer-shoots-wounds-person-in-southeast-washington\/2020\/09\/02\/100ec8ac-ed5b-11ea-99a1-71343d03bc29_story.html\" target=\"_blank\" rel=\"noreferrer noopener\">reporta<\/a>&nbsp;el diario&nbsp;estadounidense&nbsp;The Washington Post.<\/p>\n\n\n\n<p>Algunos residentes locales dudan de&nbsp;la versi\u00f3n policial de los hechos: horas despu\u00e9s,&nbsp;familiares del fallecido se juntaron con decenas de personas cerca de una comisar\u00eda para protestar por el suceso.<\/p>\n\n\n\n<figure><iframe allowfullscreen=\"true\" class=\"\" src=\"https:\/\/platform.twitter.com\/embed\/index.html?dnt=false&amp;embedId=twitter-widget-1&amp;frame=false&amp;hideCard=false&amp;hideThread=false&amp;id=1301395671149412352&amp;lang=es&amp;origin=https%3A%2F%2Factualidad.rt.com%2Factualidad%2F365366-eeuu-policia-mata-joven-afroamericano&amp;siteScreenName=ActualidadRT&amp;theme=light&amp;widgetsVersion=219d021%3A1598982042171&amp;width=550px\"><\/iframe><\/figure>\n\n\n\n<p>El 31 de agosto, el afroamericano&nbsp;Dijon Kizzee muri\u00f3&nbsp;<a href=\"https:\/\/actualidad.rt.com\/actualidad\/365105-eeuu-policia-mata-negro-los-angeles\" target=\"_blank\" rel=\"noreferrer noopener\">baleado<\/a>&nbsp;por polic\u00edas de Los \u00c1ngeles cuando circulaba en bicicleta y trataron de detenerlo por infringir unas normas de tr\u00e1fico.<\/p>\n\n\n\n<p>Durante la refriega, el sospechoso golpe\u00f3 a un agente en la cara y dej\u00f3 caer unas prendas que ten\u00eda en las manos y ocultaban una pistola semiautom\u00e1tica, momento en que le dispararon.<\/p>\n\n\n\n<p>Fuente: RT.<\/p>\n","protected":false},"excerpt":{"rendered":"<p>Un polic\u00eda mat\u00f3 a tiros el pasado 2 de septiembre al afroamericano Deon Kay, quien cumpli\u00f3 18 a\u00f1os el mes pasado, en el barrio Congress Heights de Washington D.C. Los agentes implicados&nbsp;aseguran&nbsp;que ese adolescente portaba una pistola e indican que se hicieron con otra de otro joven de 19 a\u00f1os, que no ten\u00eda licencia de [&hellip;]<\/p>\n","protected":false},"author":44079,"featured_media":71654,"comment_status":"open","ping_status":"open","sticky":false,"template":"","format":"standard","meta":{"footnotes":""},"categories":[40],"tags":[],"class_list":["post-71653","post","type-post","status-publish","format-standard","has-post-thumbnail","hentry","category-internacionales"],"_links":{"self":[{"href":"https:\/\/2horizontes.com\/index.php?rest_route=\/wp\/v2\/posts\/71653","targetHints":{"allow":["GET"]}}],"collection":[{"href":"https:\/\/2horizontes.com\/index.php?rest_route=\/wp\/v2\/posts"}],"about":[{"href":"https:\/\/2horizontes.com\/index.php?rest_route=\/wp\/v2\/types\/post"}],"author":[{"embeddable":true,"href":"https:\/\/2horizontes.com\/index.php?rest_route=\/wp\/v2\/users\/44079"}],"replies":[{"embeddable":true,"href":"https:\/\/2horizontes.com\/index.php?rest_route=%2Fwp%2Fv2%2Fcomments&post=71653"}],"version-history":[{"count":2,"href":"https:\/\/2horizontes.com\/index.php?rest_route=\/wp\/v2\/posts\/71653\/revisions"}],"predecessor-version":[{"id":71656,"href":"https:\/\/2horizontes.com\/index.php?rest_route=\/wp\/v2\/posts\/71653\/revisions\/71656"}],"wp:featuredmedia":[{"embeddable":true,"href":"https:\/\/2horizontes.com\/index.php?rest_route=\/wp\/v2\/media\/71654"}],"wp:attachment":[{"href":"https:\/\/2horizontes.com\/index.php?rest_route=%2Fwp%2Fv2%2Fmedia&parent=71653"}],"wp:term":[{"taxonomy":"category","embeddable":true,"href":"https:\/\/2horizontes.com\/index.php?rest_route=%2Fwp%2Fv2%2Fcategories&post=71653"},{"taxonomy":"post_tag","embeddable":true,"href":"https:\/\/2horizontes.com\/index.php?rest_route=%2Fwp%2Fv2%2Ftags&post=71653"}],"curies":[{"name":"wp","href":"https:\/\/api.w.org\/{rel}","templated":true}]}}