{"id":71539,"date":"2020-08-25T23:10:44","date_gmt":"2020-08-25T22:10:44","guid":{"rendered":"http:\/\/2horizontes.com\/?p=71539"},"modified":"2020-08-25T23:10:46","modified_gmt":"2020-08-25T22:10:46","slug":"gobierno-destinara-420-millones-de-pesos-para-recuperacion-del-turismo","status":"publish","type":"post","link":"https:\/\/2horizontes.com\/?p=71539","title":{"rendered":"Gobierno destinar\u00e1 420 millones de pesos para recuperaci\u00f3n del turismo"},"content":{"rendered":"\n<p>El Gobierno Rep\u00fablica Dominicana destinar\u00e1 RD$420 millones para la implementaci\u00f3n de un plan de recuperaci\u00f3n del &nbsp;turismo, uno de los sectores prioritarios de la econom\u00eda y que ha sido fuertemente golpeado por la&nbsp;<strong>pandemia Covid-19. &nbsp;&nbsp;<\/strong><\/p>\n\n\n\n<p><strong>El plan contempla un programa de inversi\u00f3n e incentivos al sector que comenzar\u00e1 el 01 de septiembre.<\/strong><\/p>\n\n\n\n<p>Parte de esas medidas son reducci\u00f3n en un 35% para el per\u00edodo septiembre\u2013noviembre 2020 de la tarifa APA (Acuerdos de Precios por Anticipado) y la eliminaci\u00f3n del pago de anticipo en el sector por un per\u00edodo de seis meses.<\/p>\n\n\n\n<p>Tambi\u00e9n contempla la eliminaci\u00f3n del pago del 1% de los activos hasta junio del 2021 y extensi\u00f3n por un plazo de 2 a\u00f1os del inicio y t\u00e9rmino de los proyectos del &nbsp;Consejo De Fomento Tur\u00edstico (Confotur), entre otras.<\/p>\n\n\n\n<p>El presidente tambi\u00e9n inform\u00f3 que&nbsp;<strong>los viajeros ser\u00e1n dotados de un plan de asistencia, cubierto totalmente por el Estado dominicano<\/strong>, que incluye cobertura de emergencias, hospedaje por estad\u00eda prolongada y costos de cambio de vuelos ante la ocurrencia de un contagio.<\/p>\n\n\n\n<p>Destac\u00f3 adem\u00e1s que los turistas que ingresen al pa\u00eds no tendr\u00e1n que presentar ninguna prueba de Covid-19 y que no se realizar\u00e1n pruebas masivas.<\/p>\n\n\n\n<p>Fuente: List\u00edn Diario<\/p>\n\n\n\n\n\n<p><ins><\/ins><\/p>\n","protected":false},"excerpt":{"rendered":"<p>El Gobierno Rep\u00fablica Dominicana destinar\u00e1 RD$420 millones para la implementaci\u00f3n de un plan de recuperaci\u00f3n del &nbsp;turismo, uno de los sectores prioritarios de la econom\u00eda y que ha sido fuertemente golpeado por la&nbsp;pandemia Covid-19. &nbsp;&nbsp; El plan contempla un programa de inversi\u00f3n e incentivos al sector que comenzar\u00e1 el 01 de septiembre. Parte de esas [&hellip;]<\/p>\n","protected":false},"author":44079,"featured_media":71540,"comment_status":"open","ping_status":"open","sticky":false,"template":"","format":"standard","meta":{"footnotes":""},"categories":[44,64],"tags":[],"class_list":["post-71539","post","type-post","status-publish","format-standard","has-post-thumbnail","hentry","category-republica-dominicana","category-turismo"],"_links":{"self":[{"href":"https:\/\/2horizontes.com\/index.php?rest_route=\/wp\/v2\/posts\/71539","targetHints":{"allow":["GET"]}}],"collection":[{"href":"https:\/\/2horizontes.com\/index.php?rest_route=\/wp\/v2\/posts"}],"about":[{"href":"https:\/\/2horizontes.com\/index.php?rest_route=\/wp\/v2\/types\/post"}],"author":[{"embeddable":true,"href":"https:\/\/2horizontes.com\/index.php?rest_route=\/wp\/v2\/users\/44079"}],"replies":[{"embeddable":true,"href":"https:\/\/2horizontes.com\/index.php?rest_route=%2Fwp%2Fv2%2Fcomments&post=71539"}],"version-history":[{"count":1,"href":"https:\/\/2horizontes.com\/index.php?rest_route=\/wp\/v2\/posts\/71539\/revisions"}],"predecessor-version":[{"id":71541,"href":"https:\/\/2horizontes.com\/index.php?rest_route=\/wp\/v2\/posts\/71539\/revisions\/71541"}],"wp:featuredmedia":[{"embeddable":true,"href":"https:\/\/2horizontes.com\/index.php?rest_route=\/wp\/v2\/media\/71540"}],"wp:attachment":[{"href":"https:\/\/2horizontes.com\/index.php?rest_route=%2Fwp%2Fv2%2Fmedia&parent=71539"}],"wp:term":[{"taxonomy":"category","embeddable":true,"href":"https:\/\/2horizontes.com\/index.php?rest_route=%2Fwp%2Fv2%2Fcategories&post=71539"},{"taxonomy":"post_tag","embeddable":true,"href":"https:\/\/2horizontes.com\/index.php?rest_route=%2Fwp%2Fv2%2Ftags&post=71539"}],"curies":[{"name":"wp","href":"https:\/\/api.w.org\/{rel}","templated":true}]}}