{"id":71523,"date":"2020-08-11T02:53:00","date_gmt":"2020-08-11T01:53:00","guid":{"rendered":"http:\/\/2horizontes.com\/?p=71523"},"modified":"2020-08-12T02:57:30","modified_gmt":"2020-08-12T01:57:30","slug":"ausencia-de-danilo-en-42-anos-es-la-primera-vez-que-un-presidente-no-participara-en-el-discurso-de-nuevo-gobierno","status":"publish","type":"post","link":"https:\/\/2horizontes.com\/?p=71523","title":{"rendered":"Ausencia de Danilo: En 42 a\u00f1os es la primera vez que un presidente no participar\u00e1 en el discurso de nuevo Gobierno"},"content":{"rendered":"\n<p>La tradici\u00f3n democr\u00e1tica nacional ubicaba siempre al presidente a entregar la banda presidencial y luego escuchar el discurso del nuevo mandatario.<\/p>\n\n\n\n<p><strong>Santo Domingo, RD.<\/strong><\/p>\n\n\n\n<p>Por primera vez en cuarenta y dos a\u00f1os seguidos de vida democr\u00e1tica, el presidente de la Rep\u00fablica saliente no estar\u00e1 presente en el discurso del nuevo mandatario Luis Abinader.<\/p>\n\n\n\n<p><strong>Tras la ca\u00edda de la dictadura de Rafael Trujillo, en 1961, el primer traspaso de mando<\/strong>&nbsp;entre presidentes se produjo en el a\u00f1o 1978, cuando don Antonio Guzm\u00e1n recibi\u00f3 el poder de Joaqu\u00edn Balaguer.<\/p>\n\n\n\n<p>Desde ah\u00ed y hasta hoy, la tradici\u00f3n democr\u00e1tica nacional ubicaba siempre al presidente a entregar la banda presidencial y luego escuchar el discurso del nuevo mandatario.<\/p>\n\n\n\n<p>As\u00ed sucedi\u00f3 en el 1982, cuando Jacobo Majluta entreg\u00f3 el poder a Salvador Jorge Blanco; lo mismo en el 1986,&nbsp;<strong>cuando Jorge le entreg\u00f3 a Joaqu\u00edn Balaguer<\/strong>; en 1996, Balaguer a Leonel Fern\u00e1ndez; en el 2000, Leonel a Hip\u00f3lito Mej\u00eda.<\/p>\n\n\n\n<p>Tambi\u00e9n en el 2004, Hip\u00f3lito a Leonel Fern\u00e1ndez; y en el 2012, de Leonel Fern\u00e1ndez a Danilo Medina.<\/p>\n\n\n\n<p>En el caso actual, donde Danilo Medina deber\u00eda participar de los actos de traspaso de mando a Luis Abinader, se da una situaci\u00f3n particular: en el a\u00f1o 2016,&nbsp;<strong>cuando Medina le derrot\u00f3 con un hist\u00f3rico 62% de los votos<\/strong>, el hoy presidente electo nunca reconoci\u00f3 su derrota.<\/p>\n\n\n\n<p>A pesar de esto, la misma noche del 5 de julio pasado,<strong>&nbsp;cuando Abinader se alz\u00f3 con la victoria,<\/strong>&nbsp;el mandatario dominicano le llam\u00f3 por tel\u00e9fono para congratularle e invitarle al Palacio Nacional, para coordinar todo el proceso transici\u00f3n de las instituciones.<\/p>\n\n\n\n<p>Desde entonces han coordinado la aprobaci\u00f3n de un estado de emergencia por 45 d\u00edas y han sostenido coordinaciones para enfrentar la crisis del coronavirus en el pa\u00eds.<\/p>\n\n\n\n<figure><iframe loading=\"lazy\" allowfullscreen=\"\" height=\"360\" src=\"https:\/\/www.youtube.com\/embed\/1s7hxPWnUqo\" width=\"640\"><\/iframe><\/figure>\n\n\n\n<figure><iframe loading=\"lazy\" allowfullscreen=\"\" height=\"360\" src=\"https:\/\/www.youtube.com\/embed\/H7DP7MSZAng\" width=\"640\"><\/iframe><\/figure>\n\n\n\n<figure><iframe loading=\"lazy\" allowfullscreen=\"\" height=\"360\" src=\"https:\/\/www.youtube.com\/embed\/fcDLxW2JGjM\" width=\"640\"><\/iframe><\/figure>\n\n\n\n<figure><iframe loading=\"lazy\" allowfullscreen=\"\" height=\"360\" src=\"https:\/\/www.youtube.com\/embed\/WmUNV08VGkc\" width=\"640\"><\/iframe><\/figure>\n\n\n\n<figure><iframe loading=\"lazy\" allowfullscreen=\"\" height=\"360\" src=\"https:\/\/www.youtube.com\/embed\/zjvLp8oe5DI\" width=\"640\"><\/iframe><\/figure>\n\n\n\n<figure><iframe loading=\"lazy\" allowfullscreen=\"\" height=\"360\" src=\"https:\/\/www.youtube.com\/embed\/TbtAbsHMz9c\" width=\"640\"><\/iframe><\/figure>\n\n\n\n<p>Fuente: List\u00edn Diario.<\/p>\n","protected":false},"excerpt":{"rendered":"<p>La tradici\u00f3n democr\u00e1tica nacional ubicaba siempre al presidente a entregar la banda presidencial y luego escuchar el discurso del nuevo mandatario. Santo Domingo, RD. Por primera vez en cuarenta y dos a\u00f1os seguidos de vida democr\u00e1tica, el presidente de la Rep\u00fablica saliente no estar\u00e1 presente en el discurso del nuevo mandatario Luis Abinader. Tras la [&hellip;]<\/p>\n","protected":false},"author":44079,"featured_media":71524,"comment_status":"open","ping_status":"open","sticky":false,"template":"","format":"standard","meta":{"footnotes":""},"categories":[43,44],"tags":[],"class_list":["post-71523","post","type-post","status-publish","format-standard","has-post-thumbnail","hentry","category-politica","category-republica-dominicana"],"_links":{"self":[{"href":"https:\/\/2horizontes.com\/index.php?rest_route=\/wp\/v2\/posts\/71523","targetHints":{"allow":["GET"]}}],"collection":[{"href":"https:\/\/2horizontes.com\/index.php?rest_route=\/wp\/v2\/posts"}],"about":[{"href":"https:\/\/2horizontes.com\/index.php?rest_route=\/wp\/v2\/types\/post"}],"author":[{"embeddable":true,"href":"https:\/\/2horizontes.com\/index.php?rest_route=\/wp\/v2\/users\/44079"}],"replies":[{"embeddable":true,"href":"https:\/\/2horizontes.com\/index.php?rest_route=%2Fwp%2Fv2%2Fcomments&post=71523"}],"version-history":[{"count":2,"href":"https:\/\/2horizontes.com\/index.php?rest_route=\/wp\/v2\/posts\/71523\/revisions"}],"predecessor-version":[{"id":71526,"href":"https:\/\/2horizontes.com\/index.php?rest_route=\/wp\/v2\/posts\/71523\/revisions\/71526"}],"wp:featuredmedia":[{"embeddable":true,"href":"https:\/\/2horizontes.com\/index.php?rest_route=\/wp\/v2\/media\/71524"}],"wp:attachment":[{"href":"https:\/\/2horizontes.com\/index.php?rest_route=%2Fwp%2Fv2%2Fmedia&parent=71523"}],"wp:term":[{"taxonomy":"category","embeddable":true,"href":"https:\/\/2horizontes.com\/index.php?rest_route=%2Fwp%2Fv2%2Fcategories&post=71523"},{"taxonomy":"post_tag","embeddable":true,"href":"https:\/\/2horizontes.com\/index.php?rest_route=%2Fwp%2Fv2%2Ftags&post=71523"}],"curies":[{"name":"wp","href":"https:\/\/api.w.org\/{rel}","templated":true}]}}