{"id":71519,"date":"2020-08-11T02:47:00","date_gmt":"2020-08-11T01:47:00","guid":{"rendered":"http:\/\/2horizontes.com\/?p=71519"},"modified":"2020-08-12T02:49:53","modified_gmt":"2020-08-12T01:49:53","slug":"latinoamerica-supera-a-europa-en-numero-de-fallecidos-por-coronavirus","status":"publish","type":"post","link":"https:\/\/2horizontes.com\/?p=71519","title":{"rendered":"Latinoam\u00e9rica supera a Europa en n\u00famero de fallecidos por coronavirus"},"content":{"rendered":"\n<p>Con 218.000 muertos por el covid-19, Latinoam\u00e9rica super\u00f3 este martes a Europa en n\u00famero de fallecidos a ra\u00edz de la pandemia,&nbsp;<a href=\"https:\/\/www.paho.org\/es\/medios\/rueda-prensa-semanal-sobre-situacion-covid-19-region-americas\" target=\"_blank\" rel=\"noreferrer noopener\">seg\u00fan<\/a>&nbsp;las cifras de la Organizaci\u00f3n Mundial de la Salud (OMS).<\/p>\n\n\n\n<p>De acuerdo con el organismo \u2013que en las \u00faltimas&nbsp;24 horas registr\u00f3 250.000 nuevos contagios&nbsp;y 5.600 decesos a nivel mundial\u2013,&nbsp;<strong>Am\u00e9rica es la regi\u00f3n m\u00e1s afectada<\/strong>, con 10,6 millones de positivos y 390.000 muertes, seguida de Europa con 3,6 millones de casos y 217.000 fallecidos.<\/p>\n\n\n\n<p>Estados Unidos, a punto de alcanzar los cinco millones de casos, es el pa\u00eds m\u00e1s afectado del mundo, seguido por&nbsp;Brasil e India. Pero en la lista tambi\u00e9n figuran varios pa\u00edses latinoamericanos.<\/p>\n\n\n\n<p>Entre las 10 naciones m\u00e1s afectadas del planeta se encuentran\u00a0<strong>M\u00e9xico<\/strong>\u00a0(492.522 casos),\u00a0<strong>Per\u00fa<\/strong>\u00a0(478.000),\u00a0<strong>Colombia\u00a0<\/strong>(410.453 contagios) y\u00a0<strong>Chile<\/strong>, con 375.000.<\/p>\n\n\n\n<p>Carissa Etienne,&nbsp;directora de la Organizaci\u00f3n Panamericana de la Salud (OPS, la oficina regional para las Am\u00e9ricas de la OMS), manifest\u00f3 este martes su preocupaci\u00f3n por los picos de contagios en algunos pa\u00edses de Latinoam\u00e9rica.<\/p>\n\n\n\n<p>\u00abEstamos viendo picos preocupantes en lugares que hab\u00edan logrado contener sus epidemias\u00a0desde el principio, como Colombia y Argentina\u00bb,\u00a0<a rel=\"noreferrer noopener\" href=\"https:\/\/twitter.com\/opsoms\/status\/1293200007076749315\" target=\"_blank\">dijo<\/a>\u00a0la funcionaria durante una sesi\u00f3n informativa de la organizaci\u00f3n que dirige.<\/p>\n\n\n\n<p>Fuente: RT. <\/p>\n","protected":false},"excerpt":{"rendered":"<p>Con 218.000 muertos por el covid-19, Latinoam\u00e9rica super\u00f3 este martes a Europa en n\u00famero de fallecidos a ra\u00edz de la pandemia,&nbsp;seg\u00fan&nbsp;las cifras de la Organizaci\u00f3n Mundial de la Salud (OMS). De acuerdo con el organismo \u2013que en las \u00faltimas&nbsp;24 horas registr\u00f3 250.000 nuevos contagios&nbsp;y 5.600 decesos a nivel mundial\u2013,&nbsp;Am\u00e9rica es la regi\u00f3n m\u00e1s afectada, con [&hellip;]<\/p>\n","protected":false},"author":44079,"featured_media":71521,"comment_status":"open","ping_status":"open","sticky":false,"template":"","format":"standard","meta":{"footnotes":""},"categories":[40,45],"tags":[],"class_list":["post-71519","post","type-post","status-publish","format-standard","has-post-thumbnail","hentry","category-internacionales","category-salud"],"_links":{"self":[{"href":"https:\/\/2horizontes.com\/index.php?rest_route=\/wp\/v2\/posts\/71519","targetHints":{"allow":["GET"]}}],"collection":[{"href":"https:\/\/2horizontes.com\/index.php?rest_route=\/wp\/v2\/posts"}],"about":[{"href":"https:\/\/2horizontes.com\/index.php?rest_route=\/wp\/v2\/types\/post"}],"author":[{"embeddable":true,"href":"https:\/\/2horizontes.com\/index.php?rest_route=\/wp\/v2\/users\/44079"}],"replies":[{"embeddable":true,"href":"https:\/\/2horizontes.com\/index.php?rest_route=%2Fwp%2Fv2%2Fcomments&post=71519"}],"version-history":[{"count":1,"href":"https:\/\/2horizontes.com\/index.php?rest_route=\/wp\/v2\/posts\/71519\/revisions"}],"predecessor-version":[{"id":71522,"href":"https:\/\/2horizontes.com\/index.php?rest_route=\/wp\/v2\/posts\/71519\/revisions\/71522"}],"wp:featuredmedia":[{"embeddable":true,"href":"https:\/\/2horizontes.com\/index.php?rest_route=\/wp\/v2\/media\/71521"}],"wp:attachment":[{"href":"https:\/\/2horizontes.com\/index.php?rest_route=%2Fwp%2Fv2%2Fmedia&parent=71519"}],"wp:term":[{"taxonomy":"category","embeddable":true,"href":"https:\/\/2horizontes.com\/index.php?rest_route=%2Fwp%2Fv2%2Fcategories&post=71519"},{"taxonomy":"post_tag","embeddable":true,"href":"https:\/\/2horizontes.com\/index.php?rest_route=%2Fwp%2Fv2%2Ftags&post=71519"}],"curies":[{"name":"wp","href":"https:\/\/api.w.org\/{rel}","templated":true}]}}