{"id":71484,"date":"2020-08-06T15:52:35","date_gmt":"2020-08-06T14:52:35","guid":{"rendered":"http:\/\/2horizontes.com\/?p=71484"},"modified":"2020-08-06T15:52:36","modified_gmt":"2020-08-06T14:52:36","slug":"pais-vasco-advierte-que-esta-enfrentando-una-segunda-ola-del-coronavirus-y-pide-reducir-al-maximo-la-actividad-social","status":"publish","type":"post","link":"https:\/\/2horizontes.com\/?p=71484","title":{"rendered":"Pa\u00eds Vasco advierte que est\u00e1 enfrentando \u00abuna segunda ola\u00bb del coronavirus y pide \u00abreducir al m\u00e1ximo\u00bb la actividad social"},"content":{"rendered":"\n<p>Pa\u00eds Vasco se est\u00e1&nbsp;\u00abenfrentando a una segunda ola epid\u00e9mica del coronavirus\u00bb,&nbsp;<a href=\"https:\/\/www.irekia.euskadi.eus\/es\/news\/62938\" target=\"_blank\" rel=\"noreferrer noopener\">dijo<\/a>&nbsp;este jueves la consejera de Salud del Gobierno de esa comunidad aut\u00f3noma espa\u00f1ola,&nbsp;Nekane Murga, al se\u00f1alar que ha habido un \u00abimportante incremento\u00bb de casos en esta regi\u00f3n en las \u00faltimas semanas.<\/p>\n\n\n\n<p>\u00ab<strong>El virus en la actualidad nos est\u00e1 ganado terreno<\/strong>, poco a poco, semana a semana; y la realidad, es que est\u00e1 consiguiendo infectar a mayor cantidad de personas cada d\u00eda\u00bb, enfatiz\u00f3 la funcionaria, en una rueda de prensa en Vitoria.<\/p>\n\n\n\n<p>Murga manifest\u00f3 que\u00a0la propagaci\u00f3n se produce \u00abcon menos fuerza\u00bb que en marzo; sin embargo, recalc\u00f3 que \u00ab<strong>no hay motivos para creer que el virus sea m\u00e1s d\u00e9bil<\/strong>\u00a0y menos letal en la actualidad\u00bb.<\/p>\n\n\n\n<p>La funcionaria&nbsp;se\u00f1al\u00f3 que, debido a esta realidad, el servicio vasco de salud prepara plantas espec\u00edficas de hospitalizaci\u00f3n y Unidades de Cuidados Intensivos (UCI); ya que prev\u00e9n que&nbsp;\u00abdecenas de las personas que se van a contagiar esta semana van a necesitar ingresar y algunas, sin duda, fallecer\u00e1n\u00bb.<\/p>\n\n\n\n<p>Ante esta situaci\u00f3n,&nbsp;Murga conmin\u00f3 a la poblaci\u00f3n a&nbsp;<strong>\u00abreducir al m\u00e1ximo la actividad social\u00bb<\/strong>.<\/p>\n\n\n\n<p>\u00abEl virus nos est\u00e1 ense\u00f1ando que no es posible una nueva normalidad, tenemos que cambiar nuestros h\u00e1bitos de relaci\u00f3n, distanciarnos; dos metros es mejor que metro y medio\u00bb,&nbsp;sugiri\u00f3, al indicar que \u00ab<strong>los contagios se est\u00e1n produciendo en el ocio nocturno<\/strong>, en los grupos grupos de personas que charlan en las calles y terrazas junto a un vaso, taza o cigarro\u00bb.<\/p>\n\n\n\n<h3 class=\"wp-block-heading\">Repunte de contagios<\/h3>\n\n\n\n<p>Seg\u00fan el reporte, brindado&nbsp;por la funcionaria en esa rueda de prensa, en&nbsp;esta comunidad aut\u00f3noma&nbsp;se registraron&nbsp;<strong>338 nuevos casos de coronavirus<\/strong>&nbsp;este mi\u00e9rcoles, 97 m\u00e1s que los registrados en la jornada del martes.<\/p>\n\n\n\n<p>Vizcaya&nbsp;es la m\u00e1s afectada. De los nuevos casos confirmados, 233 est\u00e1n en este territorio. El resto de los diagn\u00f3sticos se hizo&nbsp;en Guip\u00fazcoa, donde hubo 57; en \u00c1lava, con 44; y cuatro casos&nbsp;en personas con residencia fuera de la comunidad.<\/p>\n\n\n\n<p>\u00abEn estos momentos, hay m\u00e1s de 2.000 personas identificadas con infecci\u00f3n activa en Euskadi (Pa\u00eds Vasco), por lo que se est\u00e1 realizando el&nbsp;<strong>seguimiento a m\u00e1s de 10.000<\/strong>, actualmente, que son contactos estrechos\u00bb, precis\u00f3 Murga.<\/p>\n\n\n\n<p>Seg\u00fan la funcionaria, hay cinco personas en UCI y este mi\u00e9rcoles ingresaron otras ocho al hospital.<\/p>\n\n\n\n<p>Fuente: RT. <\/p>\n","protected":false},"excerpt":{"rendered":"<p>Pa\u00eds Vasco se est\u00e1&nbsp;\u00abenfrentando a una segunda ola epid\u00e9mica del coronavirus\u00bb,&nbsp;dijo&nbsp;este jueves la consejera de Salud del Gobierno de esa comunidad aut\u00f3noma espa\u00f1ola,&nbsp;Nekane Murga, al se\u00f1alar que ha habido un \u00abimportante incremento\u00bb de casos en esta regi\u00f3n en las \u00faltimas semanas. \u00abEl virus en la actualidad nos est\u00e1 ganado terreno, poco a poco, semana a [&hellip;]<\/p>\n","protected":false},"author":44079,"featured_media":69678,"comment_status":"open","ping_status":"open","sticky":false,"template":"","format":"standard","meta":{"footnotes":""},"categories":[85,45],"tags":[],"class_list":["post-71484","post","type-post","status-publish","format-standard","has-post-thumbnail","hentry","category-espana","category-salud"],"_links":{"self":[{"href":"https:\/\/2horizontes.com\/index.php?rest_route=\/wp\/v2\/posts\/71484","targetHints":{"allow":["GET"]}}],"collection":[{"href":"https:\/\/2horizontes.com\/index.php?rest_route=\/wp\/v2\/posts"}],"about":[{"href":"https:\/\/2horizontes.com\/index.php?rest_route=\/wp\/v2\/types\/post"}],"author":[{"embeddable":true,"href":"https:\/\/2horizontes.com\/index.php?rest_route=\/wp\/v2\/users\/44079"}],"replies":[{"embeddable":true,"href":"https:\/\/2horizontes.com\/index.php?rest_route=%2Fwp%2Fv2%2Fcomments&post=71484"}],"version-history":[{"count":1,"href":"https:\/\/2horizontes.com\/index.php?rest_route=\/wp\/v2\/posts\/71484\/revisions"}],"predecessor-version":[{"id":71485,"href":"https:\/\/2horizontes.com\/index.php?rest_route=\/wp\/v2\/posts\/71484\/revisions\/71485"}],"wp:featuredmedia":[{"embeddable":true,"href":"https:\/\/2horizontes.com\/index.php?rest_route=\/wp\/v2\/media\/69678"}],"wp:attachment":[{"href":"https:\/\/2horizontes.com\/index.php?rest_route=%2Fwp%2Fv2%2Fmedia&parent=71484"}],"wp:term":[{"taxonomy":"category","embeddable":true,"href":"https:\/\/2horizontes.com\/index.php?rest_route=%2Fwp%2Fv2%2Fcategories&post=71484"},{"taxonomy":"post_tag","embeddable":true,"href":"https:\/\/2horizontes.com\/index.php?rest_route=%2Fwp%2Fv2%2Ftags&post=71484"}],"curies":[{"name":"wp","href":"https:\/\/api.w.org\/{rel}","templated":true}]}}