{"id":7148,"date":"2015-05-15T14:37:57","date_gmt":"2015-05-15T13:37:57","guid":{"rendered":"http:\/\/2horizontes.com\/?p=7148"},"modified":"2015-05-15T14:37:57","modified_gmt":"2015-05-15T13:37:57","slug":"bruselas-eleva-al-28-su-prevision-de-crecimiento-para-espana-en-2015","status":"publish","type":"post","link":"https:\/\/2horizontes.com\/?p=7148","title":{"rendered":"Bruselas eleva al 2,8% su previsi\u00f3n de crecimiento para Espa\u00f1a en 2015"},"content":{"rendered":"<p>Ni la econom\u00eda crecer\u00e1 al 3% <em>sine die<\/em> ni el paro bajar\u00e1 del 20% el a\u00f1o pr\u00f3ximo. La Comisi\u00f3n Europea ha rebajado hoy ligeramente el optimismo del cuadro econ\u00f3mico de Espa\u00f1a, uno de los pa\u00edses que m\u00e1s crece y cuya econom\u00eda mejora m\u00e1s en el continente, pero a la vez uno de los lugares donde son m\u00e1s visibles las cicatrices de la crisis. Bruselas pronostica que el PIB espa\u00f1ol crecer\u00e1 el 2,8% este a\u00f1o y el 2,6% el pr\u00f3ximo: una y tres d\u00e9cimas menos respecto a las cifras del Gobierno, pero aun as\u00ed un avance robusto, que supone una mejora de medio punto en la previsi\u00f3n para este a\u00f1o.<\/p>\n<p>As\u00ed sucede con todos y cada uno de los datos: Europa ve en Espa\u00f1a una recuperaci\u00f3n s\u00f3lida, pero en cada una de las partidas importantes matiza el optimismo del Gobierno, que la pasada semana present\u00f3 un programa de estabilidad para los pr\u00f3ximos cuatro a\u00f1os, pero tambi\u00e9n pensando en las pr\u00f3ximas elecciones.<\/p>\n<div id=\"sumario_2|foto\" class=\"izquierda\"><a name=\"sumario_2\"><\/a><\/p>\n<div class=\"media\">\n<div class=\"foto figure\"><a class=\"posicionador\" title=\"ampliar foto\"><img loading=\"lazy\" decoding=\"async\" title=\"\" src=\"http:\/\/ep01.epimg.net\/economia\/imagenes\/2015\/05\/05\/actualidad\/1430814645_238655_1430826513_sumario_normal.png\" alt=\"\" width=\"300\" height=\"343\" \/><span id=\"capaAmpliarFotoReposo_p2\" class=\"ampliar_foto reposo\"><\/span><\/a><\/div>\n<\/div>\n<\/div>\n<p>Las previsiones econ\u00f3micas son una variante solemne de la dramaturgia. Las del Gobierno deben ser le\u00eddas necesariamente a la luz de la proximidad electoral. Las de Bruselas cuentan en esencia la misma historia, pero menos almibarada, especialmente en las dos variables clave de la econom\u00eda espa\u00f1ola: el desempleo y las cuentas p\u00fablicas, que han dado los mayores disgustos a lo largo y ancho de la Gran Recesi\u00f3n.<\/p>\n<p>La tasa de paro bajar\u00e1 al 22,4% este a\u00f1o y al 20,5% el pr\u00f3ximo (el Gobierno pronostica 22,1% y 19,8%;medio punto de diferencia equivale, <em>grosso modo,<\/em> a algo m\u00e1s de 100.000 desempleados). El d\u00e9ficit p\u00fablico ser\u00e1 del 4,5% del PIB este a\u00f1o y del 3,5% el pr\u00f3ximo, con serios riesgos de incumplir los objetivos por la prometida rebaja fiscal; el Ejecutivo vaticinaba hace unos d\u00edas un 4,2% y un 2,8% para 2015 y 2016. Finalmente, la deuda p\u00fablica sigue en ascenso y cerrar\u00e1 el a\u00f1o pr\u00f3ximo en el 101,4% del PIB y al alza; el Ministerio de Econom\u00eda dec\u00eda que la deuda empezaba a declinar el a\u00f1o pr\u00f3ximo y en tasas inferiores al 100% del PIB.<\/p>\n<div id=\"sumario_1|apoyos\" class=\"derecha\">\n<div class=\"ademas\">\n<h4><span class=\"sin_enlace\">M\u00c1S INFORMACI\u00d3N<\/span><\/h4>\n<ul>\n<li>El Gobierno prev\u00e9 acabar la legislatura con m\u00e1s empleo que en 2011<\/li>\n<li>Gr\u00e1fico: los pron\u00f3sticos econ\u00f3micos del Gobierno<\/li>\n<li>El Gobierno espera equilibrar las cuentas p\u00fablicas en 2018<\/li>\n<li>La econom\u00eda crecer\u00e1 la mitad sin la buena evoluci\u00f3n del euro y el petr\u00f3leo<\/li>\n<li>El Gobierno renuncia a llevar nuevas reformas a Bruselas<\/li>\n<li>La Autoridad Fiscal avala los pron\u00f3sticos del Gobierno<\/li>\n<\/ul>\n<\/div>\n<\/div>\n<p>La Comisi\u00f3n sombrea el optimismo del Gobierno, pero prev\u00e9 dos ejercicios muy positivos. \u201cTras una larga recesi\u00f3n, el crecimiento ha vuelto\u201d, resume el informe, con el m\u00fasculo que proporcionan la mejora del empleo, de las condiciones financieras y de la confianza. Bruselas ve una recuperaci\u00f3n liderada por la demanda dom\u00e9stica: los cantos de sirena de la reactivaci\u00f3n v\u00eda sector exterior y el cambio de modelo productivo se van desvaneciendo. Espa\u00f1a se beneficia de la mejor\u00eda general en Europa, y muy especialmente del abaratamiento del precio del petr\u00f3leo y la devaluaci\u00f3n del euro, propiciada por las pol\u00edticas expansivas del BCE. La aportaci\u00f3n del sector exterior ser\u00e1 ligeramente positiva en 2015 y 2016. Pero el motor de la recuperaci\u00f3n es la demanda interna, sustentada por la mejor\u00eda en el empleo y por el regreso del sector inmobiliario desde las cenizas del \u00faltimo lustro largo: \u201cTras siete a\u00f1os de ajuste se espera un modesto repunte en la construcci\u00f3n\u201d, dicen las previsiones.<\/p>\n<h3>El mayor d\u00e9ficit de Europa<\/h3>\n<p>Los riesgos se han reducido considerablemente, pero en el caso de Espa\u00f1a la Comisi\u00f3n destaca los asociados al proceso de desapalancamiento (la necesidad de reducir el empacho de deuda p\u00fablica pero sobre todo privada de los \u00faltimos a\u00f1os) y el desacople entre el ciclo econ\u00f3mico espa\u00f1ol y el del resto.<\/p>\n<p>El fuerte incremento del consumo privado y de la inversi\u00f3n llegan en momentos de \u201cvolatilidad en los mercados financieros y de desaceleraci\u00f3n en varias econom\u00edas emergentes\u201d. Adem\u00e1s, Bruselas duda de los esfuerzos de consolidaci\u00f3n fiscal ante \u201cel impacto de las reforma fiscal sobre los ingresos, las deudas en el sector de autopistas y los riesgos asociados al a\u00f1o electoral\u201d.<\/p>\n<p>Espa\u00f1a tendr\u00e1 el mayor d\u00e9ficit p\u00fablico de Europa en 2015 y 2016 a pesar de que el desempleo (y por tanto los subsidios) se reduce, y de que la partida de intereses de la deuda ha menguado gracias a las compras de activos del BCE. Si esos pron\u00f3sticos se cumplen, Madrid incumplir\u00e1 la meta fiscal de 2016. A pesar de ese dato, a pesar de que la presi\u00f3n fiscal espa\u00f1ola est\u00e1 casi 10 puntos de PIB por debajo de la media \u2013a la altura de Bulgaria\u2014y a pesar de las advertencias de Bruselas, el Gobierno ultima una rebaja de impuestos. Las fuentes consultadas en la Comisi\u00f3n ofrecen siempre la explicaci\u00f3n cl\u00e1sica de la cercan\u00eda electoral, pero tambi\u00e9n subrayan los riesgos que entra\u00f1a esa rebaja fiscal con el agujero en las cuentas p\u00fablicas que sigue presentando Espa\u00f1a.<\/p>\n","protected":false},"excerpt":{"rendered":"<p>Ni la econom\u00eda crecer\u00e1 al 3% sine die ni el paro bajar\u00e1 del 20% el a\u00f1o pr\u00f3ximo. La Comisi\u00f3n Europea ha rebajado hoy ligeramente el optimismo del cuadro econ\u00f3mico de Espa\u00f1a, uno de los pa\u00edses que m\u00e1s crece y cuya econom\u00eda mejora m\u00e1s en el continente, pero a la vez uno de los lugares donde [&hellip;]<\/p>\n","protected":false},"author":4,"featured_media":7150,"comment_status":"open","ping_status":"open","sticky":false,"template":"","format":"standard","meta":{"footnotes":""},"categories":[63,85],"tags":[],"class_list":["post-7148","post","type-post","status-publish","format-standard","has-post-thumbnail","hentry","category-economia","category-espana"],"_links":{"self":[{"href":"https:\/\/2horizontes.com\/index.php?rest_route=\/wp\/v2\/posts\/7148","targetHints":{"allow":["GET"]}}],"collection":[{"href":"https:\/\/2horizontes.com\/index.php?rest_route=\/wp\/v2\/posts"}],"about":[{"href":"https:\/\/2horizontes.com\/index.php?rest_route=\/wp\/v2\/types\/post"}],"author":[{"embeddable":true,"href":"https:\/\/2horizontes.com\/index.php?rest_route=\/wp\/v2\/users\/4"}],"replies":[{"embeddable":true,"href":"https:\/\/2horizontes.com\/index.php?rest_route=%2Fwp%2Fv2%2Fcomments&post=7148"}],"version-history":[{"count":1,"href":"https:\/\/2horizontes.com\/index.php?rest_route=\/wp\/v2\/posts\/7148\/revisions"}],"predecessor-version":[{"id":7151,"href":"https:\/\/2horizontes.com\/index.php?rest_route=\/wp\/v2\/posts\/7148\/revisions\/7151"}],"wp:featuredmedia":[{"embeddable":true,"href":"https:\/\/2horizontes.com\/index.php?rest_route=\/wp\/v2\/media\/7150"}],"wp:attachment":[{"href":"https:\/\/2horizontes.com\/index.php?rest_route=%2Fwp%2Fv2%2Fmedia&parent=7148"}],"wp:term":[{"taxonomy":"category","embeddable":true,"href":"https:\/\/2horizontes.com\/index.php?rest_route=%2Fwp%2Fv2%2Fcategories&post=7148"},{"taxonomy":"post_tag","embeddable":true,"href":"https:\/\/2horizontes.com\/index.php?rest_route=%2Fwp%2Fv2%2Ftags&post=7148"}],"curies":[{"name":"wp","href":"https:\/\/api.w.org\/{rel}","templated":true}]}}