{"id":71410,"date":"2020-07-30T22:37:00","date_gmt":"2020-07-30T21:37:00","guid":{"rendered":"http:\/\/2horizontes.com\/?p=71410"},"modified":"2020-07-30T22:37:02","modified_gmt":"2020-07-30T21:37:02","slug":"caida-record-de-la-economia-de-ee-uu-en-un-329-el-segundo-trimestre","status":"publish","type":"post","link":"https:\/\/2horizontes.com\/?p=71410","title":{"rendered":"Ca\u00edda r\u00e9cord de la econom\u00eda de EE.UU. en un 32,9 % el segundo trimestre"},"content":{"rendered":"\n<p>Las autoridades de EE.UU.&nbsp;<a href=\"https:\/\/www.bea.gov\/news\/2020\/gross-domestic-product-2nd-quarter-2020-advance-estimate-and-annual-update\" target=\"_blank\" rel=\"noreferrer noopener\">anunciaron<\/a>&nbsp;este jueves la ca\u00edda r\u00e9cord de la econom\u00eda del pa\u00eds en un 32,9 % el segundo trimestre debido a los cierres por la pandemia de coronavirus.<\/p>\n\n\n\n<p>La estimaci\u00f3n del Departamento de Comercio de EE.UU. en relaci\u00f3n con la disminuci\u00f3n en el segundo trimestre del producto interno bruto (PIB), la producci\u00f3n total de bienes y servicios, marc\u00f3&nbsp;<strong>la mayor ca\u00edda registrada desde 1947<\/strong>. La peor contracci\u00f3n trimestral anterior, una ca\u00edda del 10 %, ocurri\u00f3 en 1958 durante la Administraci\u00f3n Eisenhower,&nbsp;<a href=\"https:\/\/apnews.com\/c1878e580f5acd2c0305e5236c4e3197?utm_source=Twitter&amp;utm_medium=AP&amp;utm_campaign=SocialFlow\" target=\"_blank\" rel=\"noreferrer noopener\">recoge<\/a>&nbsp;AP.<\/p>\n\n\n\n<p>La dr\u00e1stica ca\u00edda en el segundo trimestre sigue a otra,&nbsp;<strong>del 5 %<\/strong>, en el primer trimestre, durante el cual la econom\u00eda estadounidense oficialmente entr\u00f3 en una recesi\u00f3n provocada por el coronavirus,&nbsp;<strong>terminando as\u00ed con una expansi\u00f3n econ\u00f3mica de 11 a\u00f1os<\/strong>, la m\u00e1s larga registrada en EE.UU.<\/p>\n\n\n\n<figure><iframe allowfullscreen=\"\" src=\"https:\/\/e.infogram.com\/2920c32d-4128-4fde-901e-944c0d615aca?parent_url=https%3A%2F%2Factualidad.rt.com%2Factualidad%2F361599-caida-record-economia-eeuu-32-9-por-ciento-coronavirus&amp;src=embed#async_embed\"><\/iframe><\/figure>\n\n\n\n<p>La contracci\u00f3n fue impulsada por un profundo&nbsp;<strong>retroceso en los gastos de consumidores<\/strong>, que representan aproximadamente el 70 % de la actividad econ\u00f3mica de EE.UU.<\/p>\n\n\n\n<p>La inversi\u00f3n empresarial e inmobiliaria tambi\u00e9n sufrieron fuertes ca\u00eddas el \u00faltimo trimestre, al igual que los gastos del gobierno estatal y local, disminuido por una p\u00e9rdida de ingresos fiscales por causa de varios despidos.<\/p>\n\n\n\n<p>Adem\u00e1s, el mercado laboral, la parte m\u00e1s importante de la econom\u00eda de EE.UU., ha sufrido graves da\u00f1os. Decenas de millones de empleos desaparecieron durante la recesi\u00f3n, mientras que m\u00e1s de 1 mill\u00f3n de personas despedidas solicitaban ayudas por desempleo cada semana&nbsp;<strong>durante 18 semanas consecutivas<\/strong>. La semana pasada, por ejemplo, se registraron 1,43 millones de peticiones de este tipo.<\/p>\n\n\n\n<p>Aunque de momento aproximadamente un tercio de los trabajos perdidos se han recuperado, el nuevo aumento de casos de coronavirus puede disminuir a\u00fan m\u00e1s las ganancias en el mercado laboral, se\u00f1ala AP.<\/p>\n\n\n\n<p>El pasado 18 de junio, el presidente de EE.UU., Donald Trump, que presion\u00f3 a los estados para que reabrieran negocios,&nbsp;<a href=\"https:\/\/actualidad.rt.com\/actualidad\/357124-trump-eeuu-tendra-pib-mas-alto-historia-humanidad\" target=\"_blank\" rel=\"noreferrer noopener\">anunci\u00f3<\/a>&nbsp;que el PIB de su pa\u00eds alcanzar\u00e1&nbsp;<strong>en el tercer trimestre de 2020 la cifra \u00abm\u00e1s alta en la historia de la humanidad\u00bb<\/strong>.<\/p>\n\n\n\n<p>Los analistas tambi\u00e9n coinciden en que la ca\u00edda en el segundo trimestre provocar\u00e1 un fuerte repunte en el tercero, hasta un 17 % o m\u00e1s sobre una base anual. No obstante, el resurgimiento de los casos de covid-19 en la mayor\u00eda de los estados puede alterar significativamente estas previsiones.<\/p>\n\n\n\n<p>Fuente: RT. <\/p>\n","protected":false},"excerpt":{"rendered":"<p>Las autoridades de EE.UU.&nbsp;anunciaron&nbsp;este jueves la ca\u00edda r\u00e9cord de la econom\u00eda del pa\u00eds en un 32,9 % el segundo trimestre debido a los cierres por la pandemia de coronavirus. La estimaci\u00f3n del Departamento de Comercio de EE.UU. en relaci\u00f3n con la disminuci\u00f3n en el segundo trimestre del producto interno bruto (PIB), la producci\u00f3n total de [&hellip;]<\/p>\n","protected":false},"author":44079,"featured_media":71411,"comment_status":"open","ping_status":"open","sticky":false,"template":"","format":"standard","meta":{"footnotes":""},"categories":[63,40],"tags":[],"class_list":["post-71410","post","type-post","status-publish","format-standard","has-post-thumbnail","hentry","category-economia","category-internacionales"],"_links":{"self":[{"href":"https:\/\/2horizontes.com\/index.php?rest_route=\/wp\/v2\/posts\/71410","targetHints":{"allow":["GET"]}}],"collection":[{"href":"https:\/\/2horizontes.com\/index.php?rest_route=\/wp\/v2\/posts"}],"about":[{"href":"https:\/\/2horizontes.com\/index.php?rest_route=\/wp\/v2\/types\/post"}],"author":[{"embeddable":true,"href":"https:\/\/2horizontes.com\/index.php?rest_route=\/wp\/v2\/users\/44079"}],"replies":[{"embeddable":true,"href":"https:\/\/2horizontes.com\/index.php?rest_route=%2Fwp%2Fv2%2Fcomments&post=71410"}],"version-history":[{"count":1,"href":"https:\/\/2horizontes.com\/index.php?rest_route=\/wp\/v2\/posts\/71410\/revisions"}],"predecessor-version":[{"id":71412,"href":"https:\/\/2horizontes.com\/index.php?rest_route=\/wp\/v2\/posts\/71410\/revisions\/71412"}],"wp:featuredmedia":[{"embeddable":true,"href":"https:\/\/2horizontes.com\/index.php?rest_route=\/wp\/v2\/media\/71411"}],"wp:attachment":[{"href":"https:\/\/2horizontes.com\/index.php?rest_route=%2Fwp%2Fv2%2Fmedia&parent=71410"}],"wp:term":[{"taxonomy":"category","embeddable":true,"href":"https:\/\/2horizontes.com\/index.php?rest_route=%2Fwp%2Fv2%2Fcategories&post=71410"},{"taxonomy":"post_tag","embeddable":true,"href":"https:\/\/2horizontes.com\/index.php?rest_route=%2Fwp%2Fv2%2Ftags&post=71410"}],"curies":[{"name":"wp","href":"https:\/\/api.w.org\/{rel}","templated":true}]}}